{"id":1654,"date":"2015-05-04T10:56:26","date_gmt":"2015-05-04T13:56:26","guid":{"rendered":"https:\/\/sociedadetaoista.com.br\/sp\/?p=1654"},"modified":"2015-08-11T01:03:21","modified_gmt":"2015-08-11T04:03:21","slug":"semana-do-tao-2015","status":"publish","type":"post","link":"https:\/\/sociedadetaoista.com.br\/sp\/semana-do-tao-2015\/","title":{"rendered":"SEMANA DO TAO 2015"},"content":{"rendered":"<p>No per\u00edodo de <strong>2 a 6 de agosto<\/strong> pr\u00f3ximo, a Sociedade Taoista em SP realizar\u00e1 a<strong> 14\u00aa\u00a0SEMANA DO TAO.<\/strong><\/p>\n<p>Uma semana com v\u00e1rias atividades apresentando o Taoismo e suas Artes de Sabedoria.<\/p>\n<p>Confira abaixo a programa\u00e7\u00e3o completa do evento, agende-se e participe!<\/p>\n<p>&nbsp;<\/p>\n<p><strong>Dia 2, domingo<\/strong><\/p>\n<p><strong>9h &#8211; Pr\u00e1tica de Qigong e palestra<\/strong>\u00a0&#8220;Os princ\u00edpios do Qi Gong &#8211; conhecendo este sistema de pr\u00e1ticas internas e exerc\u00edcios que cultivam o Q\u00ec (energia ou sopro vital) favorecendo a sa\u00fade e vitalidade, a integra\u00e7\u00e3o corpo-mente, o equil\u00edbrio e a harmonia interior&#8221;, com Luciana de Carvalho.<\/p>\n<p><strong>11h &#8211; Palestra <\/strong>&#8220;Tempo e sa\u00fade na\u00a0Medicina Tradicional Chinesa&#8221;, com F\u00e1bio Minist\u00e9rio.<\/p>\n<p><strong>13h &#8211; Consultas ao I Ching a pre\u00e7os populares<\/strong>, com os alunos e professores dos cursos de I Ching da Sociedade Taoista em SP <strong>(Inscri\u00e7\u00f5es antecipadas, VAGAS LIMITADAS<\/strong>. No dia da consulta ser\u00e3o distribu\u00eddas as senhas, por ordem de chegada, para os inscritos nesta atividade. <strong>Valor da consulta: R$35,00<\/strong>. Uma pergunta por consulta.)<\/p>\n<p>&nbsp;<\/p>\n<p><strong>Dia 3, segunda<\/strong><\/p>\n<p><strong>19h &#8211; Pr\u00e1tica de cantos taoistas e medita\u00e7\u00e3o, <\/strong>com Wagner Canalonga<\/p>\n<p><strong>20h &#8211; Palestra<\/strong> &#8220;Desobstruindo os Caminhos &#8211; ensinamentos do I Ching para a restaura\u00e7\u00e3o da fluidez&#8221;, com Wagner Canalonga<\/p>\n<p>&nbsp;<\/p>\n<p><strong>Dia 4, ter\u00e7a<\/strong><\/p>\n<p><strong>8h30 &#8211; Aula aberta &#8211;<\/strong>\u00a0&#8220;Vivenciando o Tai Ji Quan e a circula\u00e7\u00e3o energ\u00e9tica atrav\u00e9s da postura correta&#8221;, com Eliete Ramos.<\/p>\n<p><strong>10h &#8211; Aula aberta &#8211;<\/strong>\u00a0&#8220;Pr\u00e1tica de Tai Ji com Leque&#8221;, com Eliete Ramos.<\/p>\n<p><strong>18h &#8211; Aula aberta &#8211;<\/strong>\u00a0&#8220;Bagua Zhang, arte corporal do I Ching&#8221;, com Marcelo Laginhas.<\/p>\n<p><strong>19h30 &#8211; Aula aberta<\/strong> &#8211;\u00a0&#8220;Pr\u00e1ticas de Tai Ji da Montanha de Wudang&#8221;, com Rafael Reichler.<\/p>\n<p>&nbsp;<\/p>\n<p><strong>Dia 5, quarta<\/strong><\/p>\n<p><strong>18h30 &#8211; Consulta ao I Ching aberta:<\/strong> &#8220;Mensagem do I Ching para o segundo semestre de 2015&#8221;, com Wagner Canalonga.<\/p>\n<p>&nbsp;<\/p>\n<p><strong>Dia 6, quinta<\/strong><\/p>\n<p><strong>14h30 &#8211; Aula aberta<\/strong>\u00a0&#8220;Vivenciando os benef\u00edcios das massagens no rosto, peito e abdomen do Lian Gong e I Qi Gong&#8221;, com Eliete Ramos.<\/p>\n<p><strong>18h &#8211;\u00a0Aula aberta<\/strong>\u00a0&#8220;Aspectos da Sa\u00fade na pr\u00e1tica do Tai Ji Quan &#8211; Vamos praticar!&#8221;, com Eliete Ramos.<\/p>\n<p>&nbsp;<\/p>\n<p><strong>Para participar:<\/strong><\/p>\n<ul>\n<li>A contribui\u00e7\u00e3o m\u00ednima sugerida (n\u00e3o obrigat\u00f3ria) para cada dia de atividade \u00e9 de R$20. Os recursos arrecadados s\u00e3o destinados integralmente ao Templo, para a adequada manuten\u00e7\u00e3o do espa\u00e7o e das atividades.<\/li>\n<li>Oferendas de alimentos n\u00e3o perec\u00edveis oferecidos s\u00e3o encaminhadas a entidades assistenciais.<\/li>\n<\/ul>\n<p>&nbsp;<\/p>\n<p><strong>Informa\u00e7\u00f5es e inscri\u00e7\u00f5es:<\/strong><\/p>\n<p>Fone: (11) 3105-7407\/ (11) 99631-3005<\/p>\n<p>E-mail: <a href=\"mailto:contatosp@sociedadetaoista.com.br\">contatosp@sociedadetaoista.com.br<\/a><\/p>\n<p>&nbsp;<\/p>\n<p><strong>Sociedade Tao\u00edsta do Brasil<\/strong><\/p>\n<p>Av. Liberdade, 113 &#8211; 3\u00ba andar<\/p>\n<p>CEP 01503-000 S\u00e3o Paulo &#8211; SP<\/p>\n","protected":false},"excerpt":{"rendered":"<p>No per\u00edodo de 2 a 6 de agosto pr\u00f3ximo, a Sociedade Taoista em SP realizar\u00e1 a 14\u00aa\u00a0SEMANA DO TAO. Uma semana com v\u00e1rias atividades apresentando o Taoismo e suas Artes de Sabedoria. Confira abaixo a programa\u00e7\u00e3o completa do evento, agende-se e participe! &nbsp; Dia 2, domingo 9h &#8211; Pr\u00e1tica de Qigong e palestra\u00a0&#8220;Os princ\u00edpios do &hellip; <\/p>\n<p><a class=\"more-link block-button\" href=\"https:\/\/sociedadetaoista.com.br\/sp\/semana-do-tao-2015\/\">Continue lendo &raquo;<\/a><\/p>\n","protected":false},"author":4,"featured_media":0,"comment_status":"open","ping_status":"open","sticky":false,"template":"","format":"standard","meta":{"footnotes":""},"categories":[15],"tags":[146,116],"class_list":["post-1654","post","type-post","status-publish","format-standard","hentry","category-eventos","tag-semana-do-tao","tag-taoismo"],"_links":{"self":[{"href":"https:\/\/sociedadetaoista.com.br\/sp\/wp-json\/wp\/v2\/posts\/1654","targetHints":{"allow":["GET"]}}],"collection":[{"href":"https:\/\/sociedadetaoista.com.br\/sp\/wp-json\/wp\/v2\/posts"}],"about":[{"href":"https:\/\/sociedadetaoista.com.br\/sp\/wp-json\/wp\/v2\/types\/post"}],"author":[{"embeddable":true,"href":"https:\/\/sociedadetaoista.com.br\/sp\/wp-json\/wp\/v2\/users\/4"}],"replies":[{"embeddable":true,"href":"https:\/\/sociedadetaoista.com.br\/sp\/wp-json\/wp\/v2\/comments?post=1654"}],"version-history":[{"count":5,"href":"https:\/\/sociedadetaoista.com.br\/sp\/wp-json\/wp\/v2\/posts\/1654\/revisions"}],"predecessor-version":[{"id":1661,"href":"https:\/\/sociedadetaoista.com.br\/sp\/wp-json\/wp\/v2\/posts\/1654\/revisions\/1661"}],"wp:attachment":[{"href":"https:\/\/sociedadetaoista.com.br\/sp\/wp-json\/wp\/v2\/media?parent=1654"}],"wp:term":[{"taxonomy":"category","embeddable":true,"href":"https:\/\/sociedadetaoista.com.br\/sp\/wp-json\/wp\/v2\/categories?post=1654"},{"taxonomy":"post_tag","embeddable":true,"href":"https:\/\/sociedadetaoista.com.br\/sp\/wp-json\/wp\/v2\/tags?post=1654"}],"curies":[{"name":"wp","href":"https:\/\/api.w.org\/{rel}","templated":true}]}}