{"id":2433,"date":"2016-06-02T17:15:27","date_gmt":"2016-06-02T20:15:27","guid":{"rendered":"https:\/\/sociedadetaoista.com.br\/sp\/?p=2433"},"modified":"2023-12-17T05:50:49","modified_gmt":"2023-12-17T08:50:49","slug":"ano-novo-chines-5","status":"publish","type":"post","link":"https:\/\/sociedadetaoista.com.br\/sp\/ano-novo-chines-5\/","title":{"rendered":"ANO NOVO CHIN\u00caS"},"content":{"rendered":"<h4><a href=\"https:\/\/sociedadetaoista.com.br\/sp\/wp-content\/uploads\/2017\/01\/Galo-de-fogo.jpg\"><img loading=\"lazy\" decoding=\"async\" class=\"alignright wp-image-2434\" src=\"https:\/\/sociedadetaoista.com.br\/sp\/wp-content\/uploads\/2017\/01\/Galo-de-fogo.jpg\" alt=\"\" width=\"186\" height=\"221\" srcset=\"https:\/\/sociedadetaoista.com.br\/sp\/wp-content\/uploads\/2017\/01\/Galo-de-fogo.jpg 543w, https:\/\/sociedadetaoista.com.br\/sp\/wp-content\/uploads\/2017\/01\/Galo-de-fogo-253x300.jpg 253w, https:\/\/sociedadetaoista.com.br\/sp\/wp-content\/uploads\/2017\/01\/Galo-de-fogo-300x355.jpg 300w\" sizes=\"auto, (max-width: 186px) 100vw, 186px\" \/><\/a>No pr\u00f3ximo dia <strong>28 de Janeiro<\/strong> inicia o <strong>Ano do Galo de Fogo<\/strong>, pelo calend\u00e1rio chin\u00eas. Na <strong>Sociedade Taoista em SP<\/strong>, o in\u00edcio do Novo Ano ser\u00e1 celebrado com v\u00e1rias atividades oferecidas ao p\u00fablico, do dia <strong>28 de Janeiro at\u00e9 3 de Fevereiro<\/strong>.<\/h4>\n<h4>A maior parte das atividades pede apenas alimentos n\u00e3o perec\u00edveis como entrada, mas para algumas h\u00e1 um custo de participa\u00e7\u00e3o. Para todas as atividades \u00e9 necess\u00e1rio fazer a inscri\u00e7\u00e3o antecipada, atrav\u00e9s do email ou telefones.<\/h4>\n<h4>Confira abaixo a programa\u00e7\u00e3o completa do evento.<\/h4>\n<h4><strong>Agende-se e participe!<br \/>\n<\/strong><\/h4>\n<h4><strong>ANO NOVO CHIN\u00caS &#8211; Programa\u00e7\u00e3o completa\u00a0<\/strong><\/h4>\n<table style=\"height: 776px;\" width=\"614\">\n<tbody>\n<tr>\n<td width=\"42\"><strong>Data<\/strong><\/td>\n<td width=\"29\"><strong>\u00a0<\/strong><\/td>\n<td width=\"46\"><strong>Hora<\/strong><\/td>\n<td style=\"text-align: center;\" width=\"326\"><strong>Atividade<\/strong><\/td>\n<td style=\"text-align: center;\" width=\"127\"><strong>Ministrante<\/strong><\/td>\n<\/tr>\n<tr>\n<td><strong>28\/jan<\/strong><\/td>\n<td><strong>sab<\/strong><\/td>\n<td>9h30<\/td>\n<td>Ritual de Ano Novo<\/td>\n<td><\/td>\n<\/tr>\n<tr>\n<td><\/td>\n<td><\/td>\n<td>11h30<\/td>\n<td>Palestra: &#8220;Alquimia da Mente &#8211; a filosofia beneficiando a sa\u00fade e o bem estar&#8221;<\/td>\n<td style=\"text-align: center;\">Wagner Canalonga<\/td>\n<\/tr>\n<tr>\n<td><\/td>\n<td><\/td>\n<td>14h<\/td>\n<td style=\"text-align: left;\">Palestra: &#8220;O Ano do Galo de Fogo&#8221; <strong>(Palestra avulsa:\u00a0R$35,00; Palestra + Consulta da 4\u00aafeira: R$50,00<\/strong>)<\/td>\n<td style=\"text-align: center;\">Aurimar<\/td>\n<\/tr>\n<tr>\n<td><\/td>\n<td><\/td>\n<td><\/td>\n<td><\/td>\n<td><\/td>\n<\/tr>\n<tr>\n<td><strong>29\/jan<\/strong><\/td>\n<td><strong>dom<\/strong><\/td>\n<td>9h30<\/td>\n<td>Pr\u00e1tica e palestra: &#8220;Qigong: Percep\u00e7\u00e3o e autoconhecimento nas Artes Corporais Taoistas&#8221;<\/td>\n<td style=\"text-align: center;\">Luciana de Carvalho<\/td>\n<\/tr>\n<tr>\n<td><\/td>\n<td><\/td>\n<td>11h<\/td>\n<td>Palestra: &#8220;Os Caminhos do Corpo e a Medicina Tradicional Chinesa&#8221;<\/td>\n<td style=\"text-align: center;\">F\u00e1bio Minist\u00e9rio<\/td>\n<\/tr>\n<tr>\n<td><\/td>\n<td><\/td>\n<td>13h30<\/td>\n<td>Consultas individuais de I Ching (<strong>R$35,00 por consulta<\/strong>, uma pergunta por consulta; feitas pelos alunos do curso de I Ching, sob supervis\u00e3o dos professores do curso; <strong>reservas antecipadas,\u00a0VAGAS LIMITADAS<\/strong>)<\/td>\n<td>\n<p style=\"text-align: center;\">Coordena\u00e7\u00e3o<\/p>\n<p style=\"text-align: center;\">Aurimar<\/p>\n<\/td>\n<\/tr>\n<tr>\n<td><\/td>\n<td><\/td>\n<td><\/td>\n<td><\/td>\n<td><\/td>\n<\/tr>\n<tr>\n<td><strong>30\/jan<\/strong><\/td>\n<td><strong>seg<\/strong><\/td>\n<td>20h<\/td>\n<td>Palestra e medita\u00e7\u00e3o: &#8220;A vastid\u00e3o essencial &#8211; reflex\u00f5es sobre o cap\u00edtulo 34 do Livro do Caminho e da Virtude&#8221;<\/td>\n<td style=\"text-align: center;\">Wagner Canalonga<\/td>\n<\/tr>\n<tr>\n<td><\/td>\n<td><\/td>\n<td>15h30<\/td>\n<td>Palestra (Dietoterapia chinesa): &#8220;Por que os chineses n\u00e3o contam calorias?&#8221;<\/td>\n<td style=\"text-align: center;\">Andrea Maciel<\/td>\n<\/tr>\n<tr>\n<td><\/td>\n<td><\/td>\n<td><\/td>\n<td><\/td>\n<td><\/td>\n<\/tr>\n<tr>\n<td><strong>31\/jan<\/strong><\/td>\n<td><strong>ter<\/strong><\/td>\n<td>19h30<\/td>\n<td>Aula aberta de Wudang Tai Ji<\/td>\n<td style=\"text-align: center;\">Rafael Reichler<\/td>\n<\/tr>\n<tr>\n<td><\/td>\n<td><\/td>\n<td><\/td>\n<td><\/td>\n<td><\/td>\n<\/tr>\n<tr>\n<td><strong>01\/fev<\/strong><\/td>\n<td><strong>qua<\/strong><\/td>\n<td>18h30<\/td>\n<td>Consulta p\u00fablica ao I Ching: &#8220;Orienta\u00e7\u00f5es do I Ching para o Ano do Galo de Fogo&#8221;\u00a0<strong>(Consulta + Palestra Ano do Galo: R$50,00; Consulta p\u00fablica\u00a0<\/strong><strong>avulsa: R$35,00)<\/strong><\/td>\n<td style=\"text-align: center;\">Wagner Canalonga<\/td>\n<\/tr>\n<tr>\n<td><\/td>\n<td><\/td>\n<td><\/td>\n<td><\/td>\n<td><\/td>\n<\/tr>\n<tr>\n<td><\/td>\n<td><\/td>\n<td><\/td>\n<td><\/td>\n<td><\/td>\n<\/tr>\n<tr>\n<td><strong>02\/fev<\/strong><\/td>\n<td><strong>qui<\/strong><\/td>\n<td>19h30<\/td>\n<td>Palestra &#8220;Renova\u00e7\u00e3o, segundo a Medicina Tradicional Chinesa e o I Ching&#8221;<\/td>\n<td style=\"text-align: center;\">Edgar<\/td>\n<\/tr>\n<tr>\n<td><\/td>\n<td><\/td>\n<td>11h<\/td>\n<td>Pr\u00e1tica e palestra: &#8220;Os preciosos exerc\u00edcios do Ba Duan Jin (As Oito Pe\u00e7as do Brocado)&#8221;<\/td>\n<td style=\"text-align: center;\">Eliete Ramos<\/td>\n<\/tr>\n<tr>\n<td><\/td>\n<td><\/td>\n<td>14h30<\/td>\n<td>Aula aberta: &#8220;A arquitetura humana na pr\u00e1tica do Lian Gong e Tai Ji Quan&#8221;<\/td>\n<td style=\"text-align: center;\">Eliete Ramos<\/td>\n<\/tr>\n<tr>\n<td><\/td>\n<td><\/td>\n<td><\/td>\n<td><\/td>\n<td><\/td>\n<\/tr>\n<tr>\n<td><strong>03\/fev<\/strong><\/td>\n<td><strong>sex<\/strong><\/td>\n<td>19h<\/td>\n<td>Aula aberta: &#8220;Bagua Zhang &#8211; O I Ching em movimento&#8221;<\/td>\n<td style=\"text-align: center;\">Marcelo Laginhas<\/td>\n<\/tr>\n<\/tbody>\n<\/table>\n<h4><strong>Nossos Canais:\u00a0<\/strong><\/h4>\n<h4><strong>Whatsapp: \u00a0<\/strong>(11) 99631-3005<\/h4>\n<h4><strong>Fones:<\/strong>\u00a0(11) 99631-3005 ou (11) 3105-7407<\/h4>\n<h4><strong>Email:<\/strong>\u00a0<a title=\"contatosp@sociedadetaoista.com.br\" href=\"mailto:contatosp@sociedadetaoista.com.br\"><b>contatosp@sociedadetaoista.com.br<\/b><\/a><\/h4>\n<h4><strong>YouTube: \u00a0<\/strong><strong><a href=\"https:\/\/www.youtube.com\/channel\/UCxw3dCvcR5jhxLbUkZiw1Tg\" target=\"_blank\" rel=\"noopener\">Sociedade Taoista SP<\/a><\/strong><\/h4>\n<h4><\/h4>\n<h4><strong>Sociedade Taoista \u2013 SP<\/strong><\/h4>\n<h4>Av. Liberdade, 113 \u2013 3\u00ba andar (pr\u00f3ximo ao metr\u00f4 Liberdade)<\/h4>\n<h4>S\u00e3o Paulo\/SP \u2013 CEP 01503-000<\/h4>\n","protected":false},"excerpt":{"rendered":"<p>No pr\u00f3ximo dia 28 de Janeiro inicia o Ano do Galo de Fogo, pelo calend\u00e1rio chin\u00eas. Na Sociedade Taoista em SP, o in\u00edcio do Novo Ano ser\u00e1 celebrado com v\u00e1rias atividades oferecidas ao p\u00fablico, do dia 28 de Janeiro at\u00e9 3 de Fevereiro. A maior parte das atividades pede apenas alimentos n\u00e3o perec\u00edveis como entrada, &hellip; <\/p>\n<p><a class=\"more-link block-button\" href=\"https:\/\/sociedadetaoista.com.br\/sp\/ano-novo-chines-5\/\">Continue lendo &raquo;<\/a><\/p>\n","protected":false},"author":4,"featured_media":0,"comment_status":"open","ping_status":"open","sticky":false,"template":"","format":"standard","meta":{"footnotes":""},"categories":[15],"tags":[34],"class_list":["post-2433","post","type-post","status-publish","format-standard","hentry","category-eventos","tag-ano-novo-chines"],"_links":{"self":[{"href":"https:\/\/sociedadetaoista.com.br\/sp\/wp-json\/wp\/v2\/posts\/2433","targetHints":{"allow":["GET"]}}],"collection":[{"href":"https:\/\/sociedadetaoista.com.br\/sp\/wp-json\/wp\/v2\/posts"}],"about":[{"href":"https:\/\/sociedadetaoista.com.br\/sp\/wp-json\/wp\/v2\/types\/post"}],"author":[{"embeddable":true,"href":"https:\/\/sociedadetaoista.com.br\/sp\/wp-json\/wp\/v2\/users\/4"}],"replies":[{"embeddable":true,"href":"https:\/\/sociedadetaoista.com.br\/sp\/wp-json\/wp\/v2\/comments?post=2433"}],"version-history":[{"count":8,"href":"https:\/\/sociedadetaoista.com.br\/sp\/wp-json\/wp\/v2\/posts\/2433\/revisions"}],"predecessor-version":[{"id":5552,"href":"https:\/\/sociedadetaoista.com.br\/sp\/wp-json\/wp\/v2\/posts\/2433\/revisions\/5552"}],"wp:attachment":[{"href":"https:\/\/sociedadetaoista.com.br\/sp\/wp-json\/wp\/v2\/media?parent=2433"}],"wp:term":[{"taxonomy":"category","embeddable":true,"href":"https:\/\/sociedadetaoista.com.br\/sp\/wp-json\/wp\/v2\/categories?post=2433"},{"taxonomy":"post_tag","embeddable":true,"href":"https:\/\/sociedadetaoista.com.br\/sp\/wp-json\/wp\/v2\/tags?post=2433"}],"curies":[{"name":"wp","href":"https:\/\/api.w.org\/{rel}","templated":true}]}}