{"id":3200,"date":"2017-07-19T18:18:37","date_gmt":"2017-07-19T21:18:37","guid":{"rendered":"https:\/\/sociedadetaoista.com.br\/sp\/?p=3200"},"modified":"2018-02-12T15:53:43","modified_gmt":"2018-02-12T17:53:43","slug":"retiro-de-carnaval-2018-2","status":"publish","type":"post","link":"https:\/\/sociedadetaoista.com.br\/sp\/retiro-de-carnaval-2018-2\/","title":{"rendered":"RETIRO DE CARNAVAL 2018"},"content":{"rendered":"<h4>Os retiros de medita\u00e7\u00e3o t\u00eam como objetivo propiciar aos\u00a0participantes uma oportunidade de vivenciar uma rotina de\u00a0cultivo do sil\u00eancio e da paz interior. Muitas vezes na cidade \u00e9 mais desafiador mantermos nosso equil\u00edbrio interno e\u00a0externo devido ao estresse, ru\u00eddos e excesso de est\u00edmulos.<\/h4>\n<p><img loading=\"lazy\" decoding=\"async\" class=\"alignleft wp-image-3202\" src=\"https:\/\/sociedadetaoista.com.br\/sp\/wp-content\/uploads\/2017\/12\/natureza4-930x697-300x225.jpg\" alt=\"\" width=\"151\" height=\"113\" srcset=\"https:\/\/sociedadetaoista.com.br\/sp\/wp-content\/uploads\/2017\/12\/natureza4-930x697-300x225.jpg 300w, https:\/\/sociedadetaoista.com.br\/sp\/wp-content\/uploads\/2017\/12\/natureza4-930x697-768x576.jpg 768w, https:\/\/sociedadetaoista.com.br\/sp\/wp-content\/uploads\/2017\/12\/natureza4-930x697.jpg 930w\" sizes=\"auto, (max-width: 151px) 100vw, 151px\" \/> <img loading=\"lazy\" decoding=\"async\" class=\"alignleft wp-image-3206\" src=\"https:\/\/sociedadetaoista.com.br\/sp\/wp-content\/uploads\/2017\/12\/salao1-930x620-300x200.jpg\" alt=\"\" width=\"167\" height=\"111\" srcset=\"https:\/\/sociedadetaoista.com.br\/sp\/wp-content\/uploads\/2017\/12\/salao1-930x620-300x200.jpg 300w, https:\/\/sociedadetaoista.com.br\/sp\/wp-content\/uploads\/2017\/12\/salao1-930x620-768x512.jpg 768w, https:\/\/sociedadetaoista.com.br\/sp\/wp-content\/uploads\/2017\/12\/salao1-930x620.jpg 930w\" sizes=\"auto, (max-width: 167px) 100vw, 167px\" \/><\/p>\n<p><img loading=\"lazy\" decoding=\"async\" class=\"alignleft wp-image-3204\" src=\"https:\/\/sociedadetaoista.com.br\/sp\/wp-content\/uploads\/2017\/12\/natureza10-930x697-300x225.jpg\" alt=\"\" width=\"147\" height=\"110\" srcset=\"https:\/\/sociedadetaoista.com.br\/sp\/wp-content\/uploads\/2017\/12\/natureza10-930x697-300x225.jpg 300w, https:\/\/sociedadetaoista.com.br\/sp\/wp-content\/uploads\/2017\/12\/natureza10-930x697-768x576.jpg 768w, https:\/\/sociedadetaoista.com.br\/sp\/wp-content\/uploads\/2017\/12\/natureza10-930x697.jpg 930w\" sizes=\"auto, (max-width: 147px) 100vw, 147px\" \/><\/p>\n<p>&nbsp;<\/p>\n<p>&nbsp;<\/p>\n<p>&nbsp;<\/p>\n<p>&nbsp;<\/p>\n<p>&nbsp;<\/p>\n<h4>O ambiente do dia a dia nem sempre d\u00e1 suporte para nossas pr\u00e1ticas pessoais de auto-aprimoramento e manuten\u00e7\u00e3o da sa\u00fade, dificultando a regularidade e qualidade da nossa pr\u00e1tica pessoal. Por isso, o retiro de medita\u00e7\u00e3o \u00e9 uma ferramenta preciosa que nos proporciona uma estrutura interna e externa para o cultivo.<\/h4>\n<h4>&#8220;Interna&#8221; por que engloba nossa pr\u00e1tica pessoal e os ensinamentos tradicionais taoistas de medita\u00e7\u00e3o e qi gong guiados por um professor autorizado. &#8220;Externa&#8221; por que diz respeito \u00e0 viver a experi\u00eancia de um retiro num local pr\u00f3prio para isso e em meio \u00e0 natureza onde a energia \u00e9 mais pura e abundante.<\/h4>\n<h4>\u00a0<strong>Medita\u00e7\u00e3o Tao\u00edsta<\/strong><\/h4>\n<h4>Como instrumento de realiza\u00e7\u00e3o espiritual e como ferramenta para alcan\u00e7ar a ilumina\u00e7\u00e3o, o m\u00e9todo de medita\u00e7\u00e3o adotado pela Sociedade Tao\u00edsta\u00a0\u00e9 o Xin Zhai Fa \u2013 M\u00e9todo de Purifica\u00e7\u00e3o do Cora\u00e7\u00e3o \u2013 que se ap\u00f3ia na quietude e no sil\u00eancio. \u00a0Sentar-se no sil\u00eancio e buscar a quietude interior at\u00e9 esquecer-se de todas as exist\u00eancias \u00e9 como levar o corpo e a mente a experimentarem um per\u00edodo de profundo descanso, que tem como efeito a reposi\u00e7\u00e3o da energia, a ilumina\u00e7\u00e3o da mente e o fortalecimento do corpo f\u00edsico.<\/h4>\n<p>&nbsp;<\/p>\n<p><img loading=\"lazy\" decoding=\"async\" class=\"wp-image-11 aligncenter\" src=\"https:\/\/sociedadetaoista.com.br\/sp\/wp-content\/uploads\/2012\/10\/img_retiro.jpg\" alt=\"\" width=\"191\" height=\"143\" \/><\/p>\n<h4><strong>Qi Gong\u00a0 Tao\u00edsta<\/strong><\/h4>\n<h4>\u00c9 um sistema de exerc\u00edcios que cultiva a for\u00e7a do corpo e tranq\u00fcilidade de esp\u00edrito, com t\u00e9cnicas para conservar, reunir, cultivar, nutrir e transformar as energias que s\u00e3o a fonte de um corpo saud\u00e1vel e uma mente clara. As t\u00e9cnicas promovidas por esta linhagem espec\u00edfica de Qigong incluem auto-massagem, transforma\u00e7\u00e3o de tend\u00f5es, exerc\u00edcios calist\u00eanicos, limpeza da medula e regulagem da respira\u00e7\u00e3o.<\/h4>\n<h4>A <strong>Escola Xiantianwujimen (Port\u00e3o Primordial Ilimitado)<\/strong> foi fundada na dinastia Song (aproximadamente do s\u00e9culo X ao XII) pelo s\u00e1bio tao\u00edsta Chen Xiyi, que \u00e9 reconhecido como &#8220;o pai de qigong.&#8221; A especialidade desta linhagem \u00e9 a constru\u00e7\u00e3o de bases s\u00f3lidas para a medita\u00e7\u00e3o sentada. Al\u00e9m de beneficiar a sa\u00fade e vitalidade, as pr\u00e1ticas tamb\u00e9m favorecem a mobilidade e flexibilidade dos praticantes, especialmente para pessoas com limita\u00e7\u00f5es f\u00edsicas.\u00a0Esta linhagem foi introduzida no Brasil pela Mestra Eva Wong, com o apoio da Sociedade Taoista e do Shambhala.<\/h4>\n<h4 style=\"text-align: center;\"><a href=\"http:\/\/qigong.taoismo.com.br\/oQueEh.html\">\u00a0Saiba mais sobre a linhagem aqui<\/a><img loading=\"lazy\" decoding=\"async\" class=\"wp-image-3205 aligncenter\" src=\"https:\/\/sociedadetaoista.com.br\/sp\/wp-content\/uploads\/2017\/12\/qghome-300x244.jpg\" alt=\"\" width=\"130\" height=\"106\" srcset=\"https:\/\/sociedadetaoista.com.br\/sp\/wp-content\/uploads\/2017\/12\/qghome-300x244.jpg 300w, https:\/\/sociedadetaoista.com.br\/sp\/wp-content\/uploads\/2017\/12\/qghome.jpg 448w\" sizes=\"auto, (max-width: 130px) 100vw, 130px\" \/><\/h4>\n<h4><strong style=\"color: #333333; font-family: 'Pontano Sans', arial, sans-serif; font-size: 16px; line-height: inherit;\">Ministrante: <\/strong><span style=\"color: #333333; font-family: 'Pontano Sans', arial, sans-serif; font-size: 16px; line-height: inherit;\">Andr\u00e9 Lacroce. Consultor de Feng Shui, terapeuta de\u00a0<\/span>medicina chinesa e instrutor autorizado por Eva Wong como\u00a0professor de Qi Gong da Escola Xiantianwujimen, n\u00edveis 1, 2 e 3.<\/h4>\n<p>&nbsp;<\/p>\n<h4><strong>Data:<\/strong>\u00a010 a 13 de FEVEREIRO de 2018<\/h4>\n<h4><strong>Sa\u00edda:<\/strong> no s\u00e1bado, dia 10, \u00e0s 7h30, da Sociedade Tao\u00edsta<\/h4>\n<h4><strong>Retorno:<\/strong> na ter\u00e7a, dia 13, ap\u00f3s o almo\u00e7o<\/h4>\n<h4><strong>Local:<\/strong> S\u00edtio da Lua \u2013 Camanducaia\/MG (130km de SP)<\/h4>\n<h4><strong>LIMITE PARA AS INSCRI\u00c7\u00d5ES:<\/strong>\u00a02 de FEVEREIRO de 2018 (ou at\u00e9 o t\u00e9rmino das vagas)<\/h4>\n<h4><strong>VAGAS LIMITADAS:<\/strong>\u00a020 pessoas<\/h4>\n<h4><strong>A CONFIRMA\u00c7\u00c3O DA PARTICIPA\u00c7\u00c3O OCORRE AP\u00d3S O PAGAMENTO INTEGRAL DA INSCRI\u00c7\u00c3O.<\/strong><\/h4>\n<h4>\u00a0<strong>Op\u00e7\u00f5es de pagamento:<\/strong><\/h4>\n<p><img loading=\"lazy\" decoding=\"async\" class=\"wp-image-3203 alignright\" src=\"https:\/\/sociedadetaoista.com.br\/sp\/wp-content\/uploads\/2017\/12\/natureza5-90x90.jpg\" alt=\"\" width=\"141\" height=\"141\" \/><\/p>\n<ul>\n<li>\n<h4>At\u00e9 23 de JANEIRO\u00a0 \u00a0 \u00a0 \u00a0 \u00a0 \u00a0 \u00a0 \u00a0 \u00a0 \u00a0 2 x R$710,00<\/h4>\n<\/li>\n<li>\n<h4>Ap\u00f3s 23 de JANEIRO\u00a0\u00a0\u00a0\u00a0\u00a0\u00a0 \u00a0\u00a0\u00a0\u00a0\u00a0\u00a0\u00a0\u00a0\u00a0 1 x R$1.540,00<\/h4>\n<\/li>\n<\/ul>\n<p>&nbsp;<\/p>\n<p>&nbsp;<\/p>\n<ul>\n<li>\n<h4><strong>Desist\u00eancias antecipadas,<\/strong> informadas at\u00e9 15 dias antes do retiro, ter\u00e3o devolu\u00e7\u00e3o de 80% do valor pago. Neste caso, o inscrito dever\u00e1 avisar a organiza\u00e7\u00e3o por escrito, dentro do prazo estipulado, informando os dados de sua conta banc\u00e1ria para cr\u00e9dito dos valores devidos.<strong> Desist\u00eancias informadas ap\u00f3s este prazo n\u00e3o dar\u00e3o direito de restitui\u00e7\u00e3o dos valores pagos.<\/strong><\/h4>\n<\/li>\n<\/ul>\n<h4><strong>Desist\u00eancia sem aviso: <\/strong>o n\u00e3o comparecimento nos pontos de encontro definidos ou o no local do retiro, sem aviso, configurar\u00e1 desist\u00eancia sem aviso pr\u00e9vio.<strong> Neste caso o inscrito n\u00e3o ter\u00e1 direito a qualquer restitui\u00e7\u00e3o dos valores pagos.<\/strong><\/h4>\n<p><strong>\u00a0<\/strong><\/p>\n<h4><strong>Incluso no valor do Retiro:<\/strong><\/h4>\n<ul>\n<li>\n<h4>Hospedagem e alimenta\u00e7\u00e3o lactovegetariana.<\/h4>\n<\/li>\n<li>\n<h4>Atividades do Retiro, conforme a programa\u00e7\u00e3o.<\/h4>\n<\/li>\n<li>\n<h4>Um banho de ofur\u00f4 coletivo, no per\u00edodo da estadia no Retiro.<\/h4>\n<\/li>\n<\/ul>\n<h4><strong>Transporte:<\/strong> solid\u00e1rio, organizado junto aos participantes (n\u00e3o inclu\u00eddo no valor).<\/h4>\n<h4><strong>Alimenta\u00e7\u00e3o:<\/strong> lactovegetariana, inclu\u00edda no investimento.<\/h4>\n<h4><strong>Acomoda\u00e7\u00f5es:<\/strong> Alojamentos coletivos (separados para homens e mulheres).<\/h4>\n<h4><strong>Atividades:<\/strong> Instru\u00e7\u00e3o te\u00f3rica e pr\u00e1tica da medita\u00e7\u00e3o sentada Xin\u00a0Zhai Fa, Qi Gong da linhagem tao\u00edsta Xiantianwujimen n\u00edveis 1 e\u00a02.<\/h4>\n<h4><strong>Atividades opcionais:<\/strong> banhos de ofur\u00f4, massagem, reiki, (estas\u00a0atividades n\u00e3o est\u00e3o inclusas no valor do retiro e dever\u00e3o ser\u00a0pagas diretamente ao profissional que oferecer o servi\u00e7o).<\/h4>\n<p>&nbsp;<\/p>\n<h4>\u00a0<strong>Levar:<\/strong><\/h4>\n<ul>\n<li>\n<h4>Roupa de cama, cobertor, toalha de banho<\/h4>\n<\/li>\n<li>\n<h4>Camisa ou camiseta branca para todos os dias, agasalho, cal\u00e7a confort\u00e1vel para as pr\u00e1ticas<\/h4>\n<\/li>\n<li>\n<h4>Roupa de banho (para banho de ofur\u00f4 &#8211; opcional)<\/h4>\n<\/li>\n<li>\n<h4>Cal\u00e7ado para caminhada na terra, chinelos<\/h4>\n<\/li>\n<li>\n<h4>Lanterna, repelente de insetos<\/h4>\n<\/li>\n<\/ul>\n<h4><strong>\u00a0<\/strong><strong>\u00a0<\/strong><strong>Condi\u00e7\u00f5es para a participa\u00e7\u00e3o &#8211; IMPORTANTE<\/strong>:<\/h4>\n<ol>\n<li>\n<h4>O retiro \u00e9 uma atividade espiritual, voltada para a interioriza\u00e7\u00e3o e cultivo da paz interior. Os participantes s\u00e3o convidados a praticar a retid\u00e3o nas atitudes e a cultivar a harmonia com os demais integrantes do grupo, evitando excessos e desgastes desnecess\u00e1rios.<\/h4>\n<\/li>\n<li>\n<h4>N\u00e3o ser\u00e3o permitidos aparelhos sonoros (r\u00e1dios, gravadores ou similares), instrumentos musicais, ou outros objetos que perturbem a quietude do retiro.<\/h4>\n<\/li>\n<li>\n<h4>O retiro \u00e9 um exerc\u00edcio de afastamento do mundo para o recolhimento interior. Os telefones celulares dever\u00e3o ser desligados durante as atividades do retiro.<\/h4>\n<\/li>\n<li>\n<h4>As atividades propostas fazem parte de um programa de treinamento para o cultivo da energia vital e do sil\u00eancio interior. Todas os participantes dever\u00e3o acompanhar o cronograma estipulado para o Retiro, respeitando hor\u00e1rios e instru\u00e7\u00f5es.<\/h4>\n<\/li>\n<\/ol>\n","protected":false},"excerpt":{"rendered":"<p>Os retiros de medita\u00e7\u00e3o t\u00eam como objetivo propiciar aos\u00a0participantes uma oportunidade de vivenciar uma rotina de\u00a0cultivo do sil\u00eancio e da paz interior. Muitas vezes na cidade \u00e9 mais desafiador mantermos nosso equil\u00edbrio interno e\u00a0externo devido ao estresse, ru\u00eddos e excesso de est\u00edmulos. &nbsp; &nbsp; &nbsp; &nbsp; &nbsp; O ambiente do dia a dia nem sempre &hellip; <\/p>\n<p><a class=\"more-link block-button\" href=\"https:\/\/sociedadetaoista.com.br\/sp\/retiro-de-carnaval-2018-2\/\">Continue lendo &raquo;<\/a><\/p>\n","protected":false},"author":5,"featured_media":0,"comment_status":"open","ping_status":"open","sticky":false,"template":"","format":"standard","meta":{"footnotes":""},"categories":[113,15],"tags":[167,128,156,129,53,149,144,124,135,115,131,49,16,74,116,122],"class_list":["post-3200","post","type-post","status-publish","format-standard","hentry","category-cursos","category-eventos","tag-carnaval","tag-chi-kun","tag-curso","tag-dao-yin","tag-espiritualidade","tag-eva-wong","tag-exercicios-chineses","tag-filosofia-taoista","tag-medicina-chinesa","tag-meditacao","tag-praticas-corporais-taoistas","tag-qi-gong-2","tag-retiro","tag-saude-2","tag-taoismo","tag-wu-jyh-cherng"],"_links":{"self":[{"href":"https:\/\/sociedadetaoista.com.br\/sp\/wp-json\/wp\/v2\/posts\/3200","targetHints":{"allow":["GET"]}}],"collection":[{"href":"https:\/\/sociedadetaoista.com.br\/sp\/wp-json\/wp\/v2\/posts"}],"about":[{"href":"https:\/\/sociedadetaoista.com.br\/sp\/wp-json\/wp\/v2\/types\/post"}],"author":[{"embeddable":true,"href":"https:\/\/sociedadetaoista.com.br\/sp\/wp-json\/wp\/v2\/users\/5"}],"replies":[{"embeddable":true,"href":"https:\/\/sociedadetaoista.com.br\/sp\/wp-json\/wp\/v2\/comments?post=3200"}],"version-history":[{"count":7,"href":"https:\/\/sociedadetaoista.com.br\/sp\/wp-json\/wp\/v2\/posts\/3200\/revisions"}],"predecessor-version":[{"id":3213,"href":"https:\/\/sociedadetaoista.com.br\/sp\/wp-json\/wp\/v2\/posts\/3200\/revisions\/3213"}],"wp:attachment":[{"href":"https:\/\/sociedadetaoista.com.br\/sp\/wp-json\/wp\/v2\/media?parent=3200"}],"wp:term":[{"taxonomy":"category","embeddable":true,"href":"https:\/\/sociedadetaoista.com.br\/sp\/wp-json\/wp\/v2\/categories?post=3200"},{"taxonomy":"post_tag","embeddable":true,"href":"https:\/\/sociedadetaoista.com.br\/sp\/wp-json\/wp\/v2\/tags?post=3200"}],"curies":[{"name":"wp","href":"https:\/\/api.w.org\/{rel}","templated":true}]}}