{"id":3270,"date":"2019-02-04T17:24:51","date_gmt":"2019-02-04T19:24:51","guid":{"rendered":"https:\/\/sociedadetaoista.com.br\/sp\/?p=3270"},"modified":"2022-05-02T15:57:04","modified_gmt":"2022-05-02T18:57:04","slug":"corpo-consciente-movimento-integrado","status":"publish","type":"post","link":"https:\/\/sociedadetaoista.com.br\/sp\/corpo-consciente-movimento-integrado\/","title":{"rendered":"Corpo Consciente &#8211; Movimento Integrado (ONLINE)"},"content":{"rendered":"<h4><span style=\"color: #000080;\"><strong><a href=\"https:\/\/sociedadetaoista.com.br\/sp\/wp-content\/uploads\/2018\/01\/Imagem3.jpg\"><img loading=\"lazy\" decoding=\"async\" class=\" wp-image-3263 alignright\" src=\"https:\/\/sociedadetaoista.com.br\/sp\/wp-content\/uploads\/2018\/01\/Imagem3.jpg\" alt=\"\" width=\"153\" height=\"253\" srcset=\"https:\/\/sociedadetaoista.com.br\/sp\/wp-content\/uploads\/2018\/01\/Imagem3.jpg 245w, https:\/\/sociedadetaoista.com.br\/sp\/wp-content\/uploads\/2018\/01\/Imagem3-181x300.jpg 181w\" sizes=\"auto, (max-width: 153px) 100vw, 153px\" \/><\/a>REEQUIL\u00cdBRIO SOM\u00c1TICO<\/strong><\/span><br \/>\n<span style=\"color: #000080;\"><strong>Corpo Consciente-Movimento Integrado<\/strong><\/span><\/h4>\n<h4><span style=\"color: #000080;\">Esta pr\u00e1tica tem refer\u00eancias na Reeduca\u00e7\u00e3o do Movimento-M\u00e9todo Bertazzo, na Coordena\u00e7\u00e3o Motora de Piret-B\u00e8ziers, nas pr\u00e1ticas corporais taoistas (Qi Gong e medita\u00e7\u00e3o taoista) e nos princ\u00edpios do Corpo em Movimento dos estudos vindos da linguagem da Dan\u00e7a.<\/span><\/h4>\n<h4><span style=\"color: #000080;\">As propostas incluem exerc\u00edcios de auto-massagem, ativa\u00e7\u00e3o da pele, m\u00fasculos e ossos, fric\u00e7\u00f5es e percuss\u00f5es corporais, exerc\u00edcios para a amplia\u00e7\u00e3o da respira\u00e7\u00e3o e dos espa\u00e7os internos, exerc\u00edcios para melhorar a organiza\u00e7\u00e3o corporal e postural, alongamentos, equil\u00edbrio do t\u00f4nus muscular que inclui o desbloqueio das tens\u00f5es corporais e dos meridianos, o fortalecimento e melhora da flexibilidade articular e muscular, entre outros.<\/span><\/h4>\n<h4><span style=\"color: #000080;\">Sempre com especial aten\u00e7\u00e3o \u00e0 qualidade da respira\u00e7\u00e3o e dos alinhamentos corporais e principalmente \u00e0 consci\u00eancia do corpo e do movimento durante a pr\u00e1tica.<\/span><br \/>\n<span style=\"color: #000080;\">Um trabalho profundo de conhecimento de si atrav\u00e9s da experi\u00eancia corporal-som\u00e1tica. <\/span><\/h4>\n<h4><span style=\"color: #000080;\"><b>Hor\u00e1rios:<\/b> quintas,\u00a0 das 17h30 \u00e0s 18h30<\/span><\/h4>\n<h4><span style=\"color: #000080;\"><strong>Ministrante: Luciana de Carvalho<\/strong> \u2013 Psic\u00f3loga e Terapeuta Floral (practitioner de Bach pelo The Edward Bach Foundation). Mestre em Artes do Corpo\/Dan\u00e7a-Unicamp. Uma das fundadoras da Sociedade Taoista SP. Professora autorizada de Artes Corporais Taoistas &#8211; Qi Gong e Tai Chi Chuan pela Sociedade Tao\u00edsta do Brasil (Mestre Wu Jyh Cherng) e WudangTao Center (Mestre Yun Xiang Chen), Qi Gong pela BiYun Academy (Mestra Fan Xiulan). Artista-Educadora, pesquisadora e formadora de Dan\u00e7a com 30 anos de experi\u00eancia e Educadora Som\u00e1tica com forma\u00e7\u00e3o no M\u00e9todo Bertazzo de Reeduca\u00e7\u00e3o do Movimento, Coordena\u00e7\u00e3o Motora de Piret-Bezi\u00e8rs e introdu\u00e7\u00e3o ao M\u00e9todo GDS.<\/span><\/h4>\n<hr \/>\n<h4><span style=\"color: #000080;\"><strong>No<\/strong><strong>ssos Canais:\u00a0<\/strong><\/span><\/h4>\n<h4><span style=\"color: #000080;\"><strong>Fone \/ Whatsapp: \u00a0<\/strong>(11) 99631-3005<\/span><\/h4>\n<h4><span style=\"color: #000080;\"><strong>Email:<\/strong>\u00a0<a title=\"contatosp@sociedadetaoista.com.br\" href=\"mailto:contatosp@sociedadetaoista.com.br\"><b>contatosp@sociedadetaoista.com.br<\/b><\/a><\/span><\/h4>\n<h4><span style=\"color: #000080;\"><strong>Ensino \u00e0 Dist\u00e2ncia:\u00a0<a href=\"https:\/\/www.taoismo.com.br\/\" target=\"_blank\" rel=\"noopener noreferrer\">Taoismo Online<\/a><\/strong><\/span><\/h4>\n<h4><span style=\"color: #000080;\">\u00a0<\/span><\/h4>\n<h4><\/h4>\n","protected":false},"excerpt":{"rendered":"<p>REEQUIL\u00cdBRIO SOM\u00c1TICO Corpo Consciente-Movimento Integrado Esta pr\u00e1tica tem refer\u00eancias na Reeduca\u00e7\u00e3o do Movimento-M\u00e9todo Bertazzo, na Coordena\u00e7\u00e3o Motora de Piret-B\u00e8ziers, nas pr\u00e1ticas corporais taoistas (Qi Gong e medita\u00e7\u00e3o taoista) e nos princ\u00edpios do Corpo em Movimento dos estudos vindos da linguagem da Dan\u00e7a. As propostas incluem exerc\u00edcios de auto-massagem, ativa\u00e7\u00e3o da pele, m\u00fasculos e ossos, fric\u00e7\u00f5es &hellip; <\/p>\n<p><a class=\"more-link block-button\" href=\"https:\/\/sociedadetaoista.com.br\/sp\/corpo-consciente-movimento-integrado\/\">Continue lendo &raquo;<\/a><\/p>\n","protected":false},"author":4,"featured_media":0,"comment_status":"open","ping_status":"open","sticky":false,"template":"","format":"standard","meta":{"footnotes":""},"categories":[1],"tags":[],"class_list":["post-3270","post","type-post","status-publish","format-standard","hentry","category-sem-categoria"],"_links":{"self":[{"href":"https:\/\/sociedadetaoista.com.br\/sp\/wp-json\/wp\/v2\/posts\/3270","targetHints":{"allow":["GET"]}}],"collection":[{"href":"https:\/\/sociedadetaoista.com.br\/sp\/wp-json\/wp\/v2\/posts"}],"about":[{"href":"https:\/\/sociedadetaoista.com.br\/sp\/wp-json\/wp\/v2\/types\/post"}],"author":[{"embeddable":true,"href":"https:\/\/sociedadetaoista.com.br\/sp\/wp-json\/wp\/v2\/users\/4"}],"replies":[{"embeddable":true,"href":"https:\/\/sociedadetaoista.com.br\/sp\/wp-json\/wp\/v2\/comments?post=3270"}],"version-history":[{"count":18,"href":"https:\/\/sociedadetaoista.com.br\/sp\/wp-json\/wp\/v2\/posts\/3270\/revisions"}],"predecessor-version":[{"id":5256,"href":"https:\/\/sociedadetaoista.com.br\/sp\/wp-json\/wp\/v2\/posts\/3270\/revisions\/5256"}],"wp:attachment":[{"href":"https:\/\/sociedadetaoista.com.br\/sp\/wp-json\/wp\/v2\/media?parent=3270"}],"wp:term":[{"taxonomy":"category","embeddable":true,"href":"https:\/\/sociedadetaoista.com.br\/sp\/wp-json\/wp\/v2\/categories?post=3270"},{"taxonomy":"post_tag","embeddable":true,"href":"https:\/\/sociedadetaoista.com.br\/sp\/wp-json\/wp\/v2\/tags?post=3270"}],"curies":[{"name":"wp","href":"https:\/\/api.w.org\/{rel}","templated":true}]}}