{"id":374,"date":"2013-02-27T17:23:56","date_gmt":"2013-02-27T20:23:56","guid":{"rendered":"https:\/\/sociedadetaoista.com.br\/sp\/?p=374"},"modified":"2013-02-28T08:30:38","modified_gmt":"2013-02-28T11:30:38","slug":"programacao-sociedade-taoista-sp","status":"publish","type":"post","link":"https:\/\/sociedadetaoista.com.br\/sp\/programacao-sociedade-taoista-sp\/","title":{"rendered":"PROGRAMA\u00c7\u00c3O SOCIEDADE TAOISTA SP"},"content":{"rendered":"<p><a href=\"https:\/\/sociedadetaoista.com.br\/sp\/wp-content\/uploads\/2012\/10\/cabecalho-graphene.png\"><img loading=\"lazy\" decoding=\"async\" class=\"alignleft  wp-image-8\" alt=\"cabecalho-graphene.png\" src=\"https:\/\/sociedadetaoista.com.br\/sp\/wp-content\/uploads\/2012\/10\/cabecalho-graphene.png\" width=\"622\" height=\"128\" srcset=\"https:\/\/sociedadetaoista.com.br\/sp\/wp-content\/uploads\/2012\/10\/cabecalho-graphene.png 960w, https:\/\/sociedadetaoista.com.br\/sp\/wp-content\/uploads\/2012\/10\/cabecalho-graphene-300x61.png 300w\" sizes=\"auto, (max-width: 622px) 100vw, 622px\" \/><\/a><\/p>\n<p><strong>Sauda\u00e7\u00f5es!<\/strong><\/p>\n<p><strong><\/strong><br \/>\nPara saber mais sobre as atividades programadas, clique nos links em azul no informe abaixo.<br \/>\n<strong>Agende-se e participe!<\/strong><\/p>\n<p><strong>EM MAR\u00c7O:<\/strong><br \/>\n&#8211; <strong><a href=\"https:\/\/sociedadetaoista.com.br\/sp\/?ai1ec_event=ritual-3&amp;instance_id=6270\">Ritual de Purifica\u00e7\u00e3o<\/a><\/strong>, dia 23, s\u00e1bado, 9h<br \/>\n&#8211;<strong> <a href=\"https:\/\/sociedadetaoista.com.br\/sp\/?ai1ec_event=qi-gong-bi-yun&amp;instance_id=5082\" target=\"_blank\">Jichu Gong &#8211; Qi Gong Inicial da Escola Bi Yun<\/a><\/strong>, dias 2 e 3, s\u00e1bado e domingo, 9h.<br \/>\n&#8211; <strong><a href=\"https:\/\/sociedadetaoista.com.br\/sp\/?ai1ec_event=meditacao-taoista&amp;instance_id=6260\" target=\"_blank\">Curso de Medita\u00e7\u00e3o Taoista<\/a><\/strong>, in\u00edcio dia 7, quinta, 19h.<br \/>\n&#8211;<strong> <a href=\"https:\/\/sociedadetaoista.com.br\/sp\/?ai1ec_event=filosofia-taoista-modulo-3-2&amp;instance_id=6267\" target=\"_blank\">Introdu\u00e7\u00e3o \u00e0 Filosofia Taoista &#8211; m\u00f3d 3<\/a><\/strong>, in\u00edcio dia 23, s\u00e1bado, 13h30.<br \/>\n&#8211;<strong> <a href=\"https:\/\/sociedadetaoista.com.br\/sp\/?p=165\" target=\"_blank\">Fundamentos de I Ching<\/a><\/strong>, dias 23 e 24, s\u00e1bado e domingo, 9h.<br \/>\n&#8211; <strong><a href=\"https:\/\/sociedadetaoista.com.br\/sp\/?page_id=347\" target=\"_blank\">Cursos em andamento<\/a><\/strong>.<\/p>\n<p><strong>NOVAS TURMAS EM ABRIL:<\/strong><br \/>\n&#8211;<strong><a href=\"https:\/\/sociedadetaoista.com.br\/sp\/?ai1ec_event=feng-shui-estrelas-voadoras&amp;instance_id=6275\" target=\"_blank\"> Feng Shui Estrelas Voadoras &#8211; m\u00f3d 1<\/a><\/strong>, in\u00edcio dias 6 e 7, s\u00e1bado e domingo, 9h.<br \/>\n&#8211;<strong><a href=\"https:\/\/sociedadetaoista.com.br\/sp\/?ai1ec_event=qi-gong-bi-yun-2&amp;instance_id=6294\" target=\"_blank\"> Dong Gong &#8211; N\u00edvel 2 do Qi Gong da Escola Bi Yun<\/a><\/strong>, dias 6 e 7, s\u00e1bado e domingo, 9h.<br \/>\n&#8211;<strong> <a href=\"https:\/\/sociedadetaoista.com.br\/sp\/?ai1ec_event=110-2-3&amp;instance_id=6286\" target=\"_blank\">I Ching Flor de Ameixeira &#8211; m\u00f3d 1<\/a><\/strong>, in\u00edcio dia 20, s\u00e1bado, 9h.<\/p>\n<p><strong>EM MAIO:<\/strong><br \/>\n&#8211;<strong> <a href=\"https:\/\/sociedadetaoista.com.br\/sp\/?ai1ec_event=evento-internacional-wudang-tao&amp;instance_id=6319\" target=\"_blank\">EVENTO INTERNACIONAL WUDANG TAO<\/a><\/strong>, com o Mestre Taoista Yun Xiang Tseng, de 25 de maio a 2 de junho.<\/p>\n<p><strong>Informa\u00e7\u00f5es e inscri\u00e7\u00f5es:<\/strong><br \/>\nFones: (11) 99631-3005 ou (11) 3105-7407<br \/>\nemail: contatosp@sociedadetaoista.com.br<br \/>\n<strong>Sa\u00fade e longevidade!<\/strong><\/p>\n<p>&nbsp;<\/p>\n","protected":false},"excerpt":{"rendered":"<p>Sauda\u00e7\u00f5es! Para saber mais sobre as atividades programadas, clique nos links em azul no informe abaixo. Agende-se e participe! EM MAR\u00c7O: &#8211; Ritual de Purifica\u00e7\u00e3o, dia 23, s\u00e1bado, 9h &#8211; Jichu Gong &#8211; Qi Gong Inicial da Escola Bi Yun, dias 2 e 3, s\u00e1bado e domingo, 9h. &#8211; Curso de Medita\u00e7\u00e3o Taoista, in\u00edcio dia &hellip; <\/p>\n<p><a class=\"more-link block-button\" href=\"https:\/\/sociedadetaoista.com.br\/sp\/programacao-sociedade-taoista-sp\/\">Continue lendo &raquo;<\/a><\/p>\n","protected":false},"author":4,"featured_media":0,"comment_status":"open","ping_status":"open","sticky":false,"template":"","format":"standard","meta":{"footnotes":""},"categories":[38,113,15],"tags":[137,124,125,115,49,116],"class_list":["post-374","post","type-post","status-publish","format-standard","hentry","category-comunicado","category-cursos","category-eventos","tag-feng-shui","tag-filosofia-taoista","tag-i-ching","tag-meditacao","tag-qi-gong-2","tag-taoismo"],"_links":{"self":[{"href":"https:\/\/sociedadetaoista.com.br\/sp\/wp-json\/wp\/v2\/posts\/374","targetHints":{"allow":["GET"]}}],"collection":[{"href":"https:\/\/sociedadetaoista.com.br\/sp\/wp-json\/wp\/v2\/posts"}],"about":[{"href":"https:\/\/sociedadetaoista.com.br\/sp\/wp-json\/wp\/v2\/types\/post"}],"author":[{"embeddable":true,"href":"https:\/\/sociedadetaoista.com.br\/sp\/wp-json\/wp\/v2\/users\/4"}],"replies":[{"embeddable":true,"href":"https:\/\/sociedadetaoista.com.br\/sp\/wp-json\/wp\/v2\/comments?post=374"}],"version-history":[{"count":4,"href":"https:\/\/sociedadetaoista.com.br\/sp\/wp-json\/wp\/v2\/posts\/374\/revisions"}],"predecessor-version":[{"id":377,"href":"https:\/\/sociedadetaoista.com.br\/sp\/wp-json\/wp\/v2\/posts\/374\/revisions\/377"}],"wp:attachment":[{"href":"https:\/\/sociedadetaoista.com.br\/sp\/wp-json\/wp\/v2\/media?parent=374"}],"wp:term":[{"taxonomy":"category","embeddable":true,"href":"https:\/\/sociedadetaoista.com.br\/sp\/wp-json\/wp\/v2\/categories?post=374"},{"taxonomy":"post_tag","embeddable":true,"href":"https:\/\/sociedadetaoista.com.br\/sp\/wp-json\/wp\/v2\/tags?post=374"}],"curies":[{"name":"wp","href":"https:\/\/api.w.org\/{rel}","templated":true}]}}