{"id":3886,"date":"2018-10-28T18:51:45","date_gmt":"2018-10-28T21:51:45","guid":{"rendered":"https:\/\/sociedadetaoista.com.br\/sp\/?p=3886"},"modified":"2023-12-17T05:48:06","modified_gmt":"2023-12-17T08:48:06","slug":"ano-novo-chines-2019-porco-de-terra","status":"publish","type":"post","link":"https:\/\/sociedadetaoista.com.br\/sp\/ano-novo-chines-2019-porco-de-terra\/","title":{"rendered":"ANO NOVO CHIN\u00caS 2019 &#8211; PORCO DE TERRA"},"content":{"rendered":"<h3><span style=\"color: #800000;\"><strong>ANO NOVO CHIN\u00caS!!!<a href=\"https:\/\/sociedadetaoista.com.br\/sp\/wp-content\/uploads\/2018\/12\/Ano-do-Porco.png\"><img loading=\"lazy\" decoding=\"async\" class=\"alignright wp-image-3888\" src=\"https:\/\/sociedadetaoista.com.br\/sp\/wp-content\/uploads\/2018\/12\/Ano-do-Porco.png\" alt=\"\" width=\"196\" height=\"196\" srcset=\"https:\/\/sociedadetaoista.com.br\/sp\/wp-content\/uploads\/2018\/12\/Ano-do-Porco.png 300w, https:\/\/sociedadetaoista.com.br\/sp\/wp-content\/uploads\/2018\/12\/Ano-do-Porco-150x150.png 150w\" sizes=\"auto, (max-width: 196px) 100vw, 196px\" \/><\/a><\/strong><\/span><\/h3>\n<h3><\/h3>\n<h4>No pr\u00f3ximo dia <strong>5 de Fevereiro<\/strong>\u00a0come\u00e7a o\u00a0<strong>Ano do Porco de Terra<\/strong>, pelo calend\u00e1rio chin\u00eas!!<\/h4>\n<h4>Na <strong>Sociedade Taoista em SP<\/strong>, a entrada do Novo Ano ser\u00e1 celebrada com v\u00e1rias atividades oferecidas ao p\u00fablico, de\u00a0<strong>5 a 11 de Fevereiro<\/strong>.<\/h4>\n<h4>Para participar da maior parte das atividades basta levar alimentos n\u00e3o perec\u00edveis, que ser\u00e3o doados a entidades assistenciais. Para algumas atividades espec\u00edficas, ser\u00e1 solicitada uma contribui\u00e7\u00e3o, que ser\u00e1 destinada integralmente \u00e0 manuten\u00e7\u00e3o das atividades da <strong>Sociedade Taoista em SP<\/strong>. Para todas as atividades ser\u00e1 necess\u00e1rio fazer a <strong>inscri\u00e7\u00e3o antecipada<\/strong>, atrav\u00e9s dos nossos canais (veja no fim da mensagem).<\/h4>\n<h4>Para quem n\u00e3o puder participar das atividades presenciais, algumas palestras oferecidas ser\u00e3o gravadas e postadas ap\u00f3s o evento na nossa plataforma digital <strong>Taoismo Online<\/strong>. Para assistir, <a href=\"https:\/\/www.taoismo.com.br\/course?courseid=ano-novo-chines-2019\" target=\"_blank\" rel=\"noopener\"><strong>inscreva-se aqui<\/strong><\/a>!<\/h4>\n<h4>Confira abaixo a programa\u00e7\u00e3o completa do evento.<\/h4>\n<h4><strong>Agende-se, inscreva-se e participe!<br \/>\n<\/strong><\/h4>\n<h4><strong>ANO NOVO CHIN\u00caS &#8211; Programa\u00e7\u00e3o completa (sujeita a altera\u00e7\u00f5es)<\/strong><\/h4>\n<table width=\"774\">\n<tbody>\n<tr>\n<td width=\"45\"><strong>Data<\/strong><\/td>\n<td width=\"31\"><\/td>\n<td width=\"52\"><strong>Hor\u00e1rio<\/strong><\/td>\n<td width=\"517\"><strong>Atividade<\/strong><\/td>\n<td width=\"129\"><strong>Ministrante<\/strong><\/td>\n<\/tr>\n<tr>\n<td><\/td>\n<td><\/td>\n<td><\/td>\n<td><\/td>\n<td><\/td>\n<\/tr>\n<tr>\n<td>05\/fev<\/td>\n<td>ter<\/td>\n<td>9h30<\/td>\n<td>Ritual de Ano Novo (X\u012bn Ni\u00e1n Ku\u00e0i L\u00e8 \u65b0\u5e74\u5feb\u4e50 &#8211; Feliz Ano Novo!)<\/td>\n<td>Wagner Canalonga<\/td>\n<\/tr>\n<tr>\n<td><\/td>\n<td><\/td>\n<td>19h<\/td>\n<td>Palestra: &#8220;O Hexagrama Desintegra\u00e7\u00e3o e a sabedoria da organiza\u00e7\u00e3o&#8221;<\/td>\n<td>Edgar<\/td>\n<\/tr>\n<tr>\n<td><\/td>\n<td><\/td>\n<td><\/td>\n<td><\/td>\n<td><\/td>\n<\/tr>\n<tr>\n<td>06\/fev<\/td>\n<td>qua<\/td>\n<td>14h30<\/td>\n<td>Aula aberta de Corpo Consciente, Movimento integrado: &#8220;Tem uma coluna a\u00ed?&#8221;<\/td>\n<td>Luciana de Carvalho<\/td>\n<\/tr>\n<tr>\n<td><\/td>\n<td><\/td>\n<td>16h30<\/td>\n<td>Aula aberta de Qi Gong: &#8220;O Caldeir\u00e3o da Vitalidade&#8221;<\/td>\n<td>Luciana de Carvalho<\/td>\n<\/tr>\n<tr>\n<td><\/td>\n<td><\/td>\n<td>18h30<\/td>\n<td>Oficina de or\u00e1culo: Consulta ao I Ching &#8211; &#8220;Orienta\u00e7\u00f5es para o Ano do Porco de Terra&#8221;<strong>(Oficina e palestra do Ano do Porco de Terra: R$50,00; avulso R$35,00)<\/strong><\/td>\n<td>Wagner Canalonga<\/td>\n<\/tr>\n<tr>\n<td><\/td>\n<td><\/td>\n<td><\/td>\n<td><\/td>\n<td><\/td>\n<\/tr>\n<tr>\n<td><\/td>\n<td><\/td>\n<td><\/td>\n<td><\/td>\n<td><\/td>\n<\/tr>\n<tr>\n<td>07\/fev<\/td>\n<td>qui<\/td>\n<td>13h30<\/td>\n<td>Aula aberta:&#8221;Aprimorando a qualidade na pr\u00e1tica do Lian Gong&#8221;<\/td>\n<td>Eliete Ramos<\/td>\n<\/tr>\n<tr>\n<td><\/td>\n<td><\/td>\n<td>14h30<\/td>\n<td>Aula aberta: &#8220;Qi Gong &#8211; Gestos e S\u00edmbolos&#8221;<\/td>\n<td>Eliete Ramos<\/td>\n<\/tr>\n<tr>\n<td><\/td>\n<td><\/td>\n<td>15h30<\/td>\n<td>Aula aberta: &#8220;Tai Ji &#8211; Elementos f\u00edsicos para uma boa pr\u00e1tica&#8221;<\/td>\n<td>Eliete Ramos<\/td>\n<\/tr>\n<tr>\n<td><\/td>\n<td><\/td>\n<td>19h30<\/td>\n<td>Palestra &#8220;Feng Shui para o Ano do Porco&#8221;<\/td>\n<td>Andr\u00e9 Lacroce<\/td>\n<\/tr>\n<tr>\n<td><\/td>\n<td><\/td>\n<td><\/td>\n<td><\/td>\n<td><\/td>\n<\/tr>\n<tr>\n<td>09\/fev<\/td>\n<td>sab<\/td>\n<td>9h30<\/td>\n<td>Abertura: C\u00e2nticos Taoistas celebrando a entrada do Ano Novo Chin\u00eas<\/td>\n<td>Iniciados<\/td>\n<\/tr>\n<tr>\n<td><\/td>\n<td><\/td>\n<td>10h<\/td>\n<td>Palestra: &#8220;O Ano do Porco de Terra na Astrologia Chinesa&#8221;<strong>(Oficina de Or\u00e1culo e palestra: R$50,00; avulso: R$35,00)<\/strong><\/td>\n<td>Aurimar<\/td>\n<\/tr>\n<tr>\n<td><\/td>\n<td><\/td>\n<td>11h30<\/td>\n<td>Viv\u00eancia para crian\u00e7as e familiares: &#8220;Dan\u00e7ando com o Incenso&#8221;<\/td>\n<td>Wagner, Luciana e Theo Canalonga<\/td>\n<\/tr>\n<tr>\n<td><\/td>\n<td><\/td>\n<td>14h<\/td>\n<td>Consultas individuais ao I Ching (<strong>R$35,00 por consulta<\/strong>, uma pergunta por consulta; feitas pelos alunos do curso de I Ching, sob supervis\u00e3o dos professores do curso; reservas antecipadas,\u00a0<strong>VAGAS LIMITADAS<\/strong>)<\/td>\n<td>Aurimar<\/td>\n<\/tr>\n<tr>\n<td><\/td>\n<td><\/td>\n<td>16h30<\/td>\n<td>Palestra: &#8220;A Medicina Interna do Imperador Amarelo&#8221;<\/td>\n<td>F\u00e1bio Minist\u00e9rio<\/td>\n<\/tr>\n<tr>\n<td><\/td>\n<td><\/td>\n<td><\/td>\n<td><\/td>\n<td><\/td>\n<\/tr>\n<tr>\n<td>11\/fev<\/td>\n<td>seg<\/td>\n<td>20h<\/td>\n<td>Medita\u00e7\u00e3o e palestra: &#8220;O peregrino invis\u00edvel e a fonte da sabedoria&#8221;<\/td>\n<td>Wagner Canalonga<\/td>\n<\/tr>\n<\/tbody>\n<\/table>\n<h4><strong>Sa\u00fade e longevidade!<\/strong><\/h4>\n<h4><strong>Nossos Canais:\u00a0<\/strong><\/h4>\n<h4><strong>Whatsapp: \u00a0<\/strong>(11) 99631-3005<\/h4>\n<h4><strong>Fones:<\/strong>\u00a0(11) 99631-3005 ou (11) 3105-7407<\/h4>\n<h4><strong>Email:<\/strong>\u00a0<a title=\"contatosp@sociedadetaoista.com.br\" href=\"mailto:contatosp@sociedadetaoista.com.br\"><b>contatosp@sociedadetaoista.com.br<\/b><\/a><\/h4>\n<h4><strong>YouTube: \u00a0<\/strong><strong><a href=\"https:\/\/www.youtube.com\/channel\/UCxw3dCvcR5jhxLbUkZiw1Tg\" target=\"_blank\" rel=\"noopener\">Sociedade Taoista SP<\/a><\/strong><\/h4>\n<h4><\/h4>\n<h4><strong>Sociedade Taoista \u2013 SP<\/strong><\/h4>\n<h4>Av. Liberdade, 113 \u2013 3\u00ba andar (pr\u00f3ximo ao metr\u00f4 Liberdade)<\/h4>\n<h4>S\u00e3o Paulo\/SP \u2013 CEP 01503-000<\/h4>\n","protected":false},"excerpt":{"rendered":"<p>ANO NOVO CHIN\u00caS!!! No pr\u00f3ximo dia 5 de Fevereiro\u00a0come\u00e7a o\u00a0Ano do Porco de Terra, pelo calend\u00e1rio chin\u00eas!! Na Sociedade Taoista em SP, a entrada do Novo Ano ser\u00e1 celebrada com v\u00e1rias atividades oferecidas ao p\u00fablico, de\u00a05 a 11 de Fevereiro. Para participar da maior parte das atividades basta levar alimentos n\u00e3o perec\u00edveis, que ser\u00e3o doados &hellip; <\/p>\n<p><a class=\"more-link block-button\" href=\"https:\/\/sociedadetaoista.com.br\/sp\/ano-novo-chines-2019-porco-de-terra\/\">Continue lendo &raquo;<\/a><\/p>\n","protected":false},"author":4,"featured_media":0,"comment_status":"open","ping_status":"open","sticky":false,"template":"","format":"standard","meta":{"footnotes":""},"categories":[15],"tags":[],"class_list":["post-3886","post","type-post","status-publish","format-standard","hentry","category-eventos"],"_links":{"self":[{"href":"https:\/\/sociedadetaoista.com.br\/sp\/wp-json\/wp\/v2\/posts\/3886","targetHints":{"allow":["GET"]}}],"collection":[{"href":"https:\/\/sociedadetaoista.com.br\/sp\/wp-json\/wp\/v2\/posts"}],"about":[{"href":"https:\/\/sociedadetaoista.com.br\/sp\/wp-json\/wp\/v2\/types\/post"}],"author":[{"embeddable":true,"href":"https:\/\/sociedadetaoista.com.br\/sp\/wp-json\/wp\/v2\/users\/4"}],"replies":[{"embeddable":true,"href":"https:\/\/sociedadetaoista.com.br\/sp\/wp-json\/wp\/v2\/comments?post=3886"}],"version-history":[{"count":8,"href":"https:\/\/sociedadetaoista.com.br\/sp\/wp-json\/wp\/v2\/posts\/3886\/revisions"}],"predecessor-version":[{"id":5550,"href":"https:\/\/sociedadetaoista.com.br\/sp\/wp-json\/wp\/v2\/posts\/3886\/revisions\/5550"}],"wp:attachment":[{"href":"https:\/\/sociedadetaoista.com.br\/sp\/wp-json\/wp\/v2\/media?parent=3886"}],"wp:term":[{"taxonomy":"category","embeddable":true,"href":"https:\/\/sociedadetaoista.com.br\/sp\/wp-json\/wp\/v2\/categories?post=3886"},{"taxonomy":"post_tag","embeddable":true,"href":"https:\/\/sociedadetaoista.com.br\/sp\/wp-json\/wp\/v2\/tags?post=3886"}],"curies":[{"name":"wp","href":"https:\/\/api.w.org\/{rel}","templated":true}]}}