{"id":390,"date":"2013-03-08T13:32:07","date_gmt":"2013-03-08T16:32:07","guid":{"rendered":"https:\/\/sociedadetaoista.com.br\/sp\/?p=390"},"modified":"2013-03-08T13:32:07","modified_gmt":"2013-03-08T16:32:07","slug":"filosofia-taoista-modulo-3","status":"publish","type":"post","link":"https:\/\/sociedadetaoista.com.br\/sp\/filosofia-taoista-modulo-3\/","title":{"rendered":"Filosofia Tao\u00edsta \u2013 M\u00f3dulo 3"},"content":{"rendered":"<h1><span style=\"color: #993300;\">Introdu\u00e7\u00e3o \u00e0 Filosofia Tao\u00edsta \u2013 M\u00f3dulo 3 \u2013 O Grande V\u00f4o<\/span><\/h1>\n<p>&nbsp;<\/p>\n<p>\u00a0<strong>Datas:<\/strong>\u00a023 de mar\u00e7o, 13 de abril e 4 de maio<\/p>\n<p><strong>Hor\u00e1rios:<\/strong>\u00a0s\u00e1bados, das 13h30 \u00e0s 17h30.<\/p>\n<p><em id=\"__mceDel\"><em id=\"__mceDel\"><strong>Ministrante:<\/strong>\u00a0<a href=\"http:\/\/sociedadetaoista.com.br\/blog\/sociedade-taoista\/sacerdotes-e-professores\/wagner-canalonga\/\" target=\"_blank\" rel=\"external\">Wagner Canalonga<\/a>\u00a0(Sacerdote Tao\u00edsta)<\/em><\/em><\/p>\n<p>&nbsp;<\/p>\n<p><em id=\"__mceDel\"><em id=\"__mceDel\"><em id=\"__mceDel\"><em id=\"__mceDel\"><em id=\"__mceDel\">Saiba mais sobre o curso de\u00a0<a href=\"http:\/\/sociedadetaoista.com.br\/blog\/cursos\/curso-de-introducao-a-filosofia-taoista\/\" target=\"_blank\">Introdu\u00e7\u00e3o \u00e0 Filosofia Tao\u00edsta.<\/a><\/em><\/em><\/em><\/em><\/em><\/p>\n<p>&nbsp;<\/p>\n<p><a href=\"https:\/\/sociedadetaoista.com.br\/sp\/wp-content\/uploads\/2013\/01\/filosofia_3.jpg\"><img loading=\"lazy\" decoding=\"async\" alt=\"filosofia_3\" src=\"https:\/\/sociedadetaoista.com.br\/sp\/wp-content\/uploads\/2013\/01\/filosofia_3.jpg\" width=\"476\" height=\"605\" \/><\/a><\/p>\n","protected":false},"excerpt":{"rendered":"<p>Introdu\u00e7\u00e3o \u00e0 Filosofia Tao\u00edsta \u2013 M\u00f3dulo 3 \u2013 O Grande V\u00f4o &nbsp; \u00a0Datas:\u00a023 de mar\u00e7o, 13 de abril e 4 de maio Hor\u00e1rios:\u00a0s\u00e1bados, das 13h30 \u00e0s 17h30. Ministrante:\u00a0Wagner Canalonga\u00a0(Sacerdote Tao\u00edsta) &nbsp; Saiba mais sobre o curso de\u00a0Introdu\u00e7\u00e3o \u00e0 Filosofia Tao\u00edsta. &nbsp;<\/p>\n","protected":false},"author":5,"featured_media":146,"comment_status":"open","ping_status":"open","sticky":false,"template":"","format":"standard","meta":{"footnotes":""},"categories":[113],"tags":[53,124,50,116,55,54],"class_list":["post-390","post","type-post","status-publish","format-standard","has-post-thumbnail","hentry","category-cursos","tag-espiritualidade","tag-filosofia-taoista","tag-tai-ji","tag-taoismo","tag-transcendencia","tag-visao-taoista-da-morte"],"_links":{"self":[{"href":"https:\/\/sociedadetaoista.com.br\/sp\/wp-json\/wp\/v2\/posts\/390","targetHints":{"allow":["GET"]}}],"collection":[{"href":"https:\/\/sociedadetaoista.com.br\/sp\/wp-json\/wp\/v2\/posts"}],"about":[{"href":"https:\/\/sociedadetaoista.com.br\/sp\/wp-json\/wp\/v2\/types\/post"}],"author":[{"embeddable":true,"href":"https:\/\/sociedadetaoista.com.br\/sp\/wp-json\/wp\/v2\/users\/5"}],"replies":[{"embeddable":true,"href":"https:\/\/sociedadetaoista.com.br\/sp\/wp-json\/wp\/v2\/comments?post=390"}],"version-history":[{"count":2,"href":"https:\/\/sociedadetaoista.com.br\/sp\/wp-json\/wp\/v2\/posts\/390\/revisions"}],"predecessor-version":[{"id":392,"href":"https:\/\/sociedadetaoista.com.br\/sp\/wp-json\/wp\/v2\/posts\/390\/revisions\/392"}],"wp:featuredmedia":[{"embeddable":true,"href":"https:\/\/sociedadetaoista.com.br\/sp\/wp-json\/wp\/v2\/media\/146"}],"wp:attachment":[{"href":"https:\/\/sociedadetaoista.com.br\/sp\/wp-json\/wp\/v2\/media?parent=390"}],"wp:term":[{"taxonomy":"category","embeddable":true,"href":"https:\/\/sociedadetaoista.com.br\/sp\/wp-json\/wp\/v2\/categories?post=390"},{"taxonomy":"post_tag","embeddable":true,"href":"https:\/\/sociedadetaoista.com.br\/sp\/wp-json\/wp\/v2\/tags?post=390"}],"curies":[{"name":"wp","href":"https:\/\/api.w.org\/{rel}","templated":true}]}}