{"id":4216,"date":"2019-01-20T11:15:43","date_gmt":"2019-01-20T13:15:43","guid":{"rendered":"https:\/\/sociedadetaoista.com.br\/sp\/?p=4216"},"modified":"2021-09-02T14:46:39","modified_gmt":"2021-09-02T17:46:39","slug":"programacao-julho-e-agosto-2019","status":"publish","type":"post","link":"https:\/\/sociedadetaoista.com.br\/sp\/programacao-julho-e-agosto-2019\/","title":{"rendered":"Programa\u00e7\u00e3o Julho e Agosto 2019"},"content":{"rendered":"<h4><span style=\"color: #000080;\">Inverno quente na <strong>Sociedade Taoista em SP<\/strong>!!<\/span><\/h4>\n<h4><span style=\"color: #000080;\">Esteja o clima quente ou frio, as aulas e pr\u00e1ticas programadas para o m\u00eas de <strong>Julho<\/strong> v\u00e3o manter o pessoal bem aquecido na esta\u00e7\u00e3o!! Confira os cursos de f\u00e9rias e atividades especiais na programa\u00e7\u00e3o abaixo!<\/span><\/h4>\n<h4><span style=\"color: #000080;\">Prepare-se tamb\u00e9m para a pr\u00f3xima edi\u00e7\u00e3o da <a href=\"https:\/\/sociedadetaoista.com.br\/sp\/semana-do-tao-2019\/\" target=\"_blank\" rel=\"noopener\"><strong>Semana do Tao<\/strong><\/a>, <strong>de 26 de Julho a 3 de Agosto<\/strong>! Uma semana repleta de aberturas para voc\u00ea entrar em contato com o Taoismo e suas Artes de Sabedoria!<\/span><\/h4>\n<h4><span style=\"color: #000080;\">E em <strong>Agosto<\/strong>, a temperatura continua alta com o in\u00edcio de v\u00e1rias novas turmas, tanto para quem est\u00e1 come\u00e7ando quanto para quem j\u00e1 est\u00e1 no Caminho h\u00e1 um tempo. <\/span><\/h4>\n<h4><span style=\"color: #000080;\">Clique nos links abaixo para mais informa\u00e7\u00f5es sobre cada atividade!<\/span><\/h4>\n<p>&nbsp;<\/p>\n<hr>\n<h4><span style=\"color: #000080;\"><strong>EM&nbsp; JULHO<\/strong><\/span><\/h4>\n<ul>\n<li>\n<h4><span style=\"color: #000080;\"><b><a href=\"https:\/\/sociedadetaoista.com.br\/sp\/ritual\/\" target=\"_blank\" rel=\"noopener\"><strong>Ritual de Purifica\u00e7\u00e3o<\/strong><\/a><\/b>, dia 26, sexta,&nbsp;9h30.<\/span><\/h4>\n<\/li>\n<li>\n<h4><span style=\"color: #3366ff;\"><a style=\"color: #3366ff;\" href=\"https:\/\/sociedadetaoista.com.br\/sp\/caminhos-do-corpo-sensivel-cursos-de-ferias\/\" target=\"_blank\" rel=\"noopener\"><strong>Caminhos do Corpo Sens\u00edvel &#8211; Cursos de F\u00e9rias<\/strong><\/a><\/span><\/h4>\n<\/li>\n<li>\n<h4><span style=\"color: #000080;\"><a href=\"https:\/\/sociedadetaoista.com.br\/sp\/dao-yin-e-os-oito-sons-de-cura\/\" target=\"_blank\" rel=\"noopener\"><strong>Dao Yin e os 8 Sons de Cura da Linhagem de Wudang<\/strong><\/a>, dia 13, s\u00e1bado, 9h.<\/span><\/h4>\n<\/li>\n<li>\n<h4><span style=\"color: #000080;\"><a href=\"https:\/\/sociedadetaoista.com.br\/sp\/oficina-tai-ji-em-10-movimentos\/\" target=\"_blank\" rel=\"noopener\"><strong>Tai Ji em 10 Movimentos &#8211; Oficina de F\u00e9rias<\/strong><\/a>, dia 20, s\u00e1bado 9h.<\/span><\/h4>\n<\/li>\n<li>\n<h4><a style=\"color: #3366ff;\" href=\"https:\/\/sociedadetaoista.com.br\/sp\/cursos-em-andamento-e-aulas-regulares\/\" target=\"_blank\" rel=\"noopener\"><strong>Cursos em andamento e aulas regulares<\/strong><\/a><\/h4>\n<\/li>\n<li>\n<h4><span style=\"color: #000080;\"><a href=\"https:\/\/sociedadetaoista.com.br\/sp\/semana-do-tao-2019\/\" target=\"_blank\" rel=\"noopener\"><strong>SEMANA DO TAO 2019<\/strong><\/a>, de 29 de Julho a 3 de Agosto.<\/span><\/h4>\n<\/li>\n<\/ul>\n<p>&nbsp;<\/p>\n<hr>\n<h4><span style=\"color: #000080;\"><strong>EM&nbsp; AGOSTO<\/strong><\/span><\/h4>\n<ul>\n<li>\n<h4><span style=\"color: #000080;\"><strong><a href=\"https:\/\/mailchi.mp\/taoismo.online\/amortenavisaotaoista\" target=\"_blank\" rel=\"noopener\"><strong>A Morte na Vis\u00e3o Taoista &#8211; curso ONLINE<\/strong><\/a><span style=\"font-weight: normal;\">, in\u00edcio dia 6, ter\u00e7a.<\/span><\/strong><\/span><\/h4>\n<\/li>\n<li>\n<h4><span style=\"color: #000080;\"><a href=\"https:\/\/sociedadetaoista.com.br\/sp\/fundamentos-de-feng-shui-2\/\" target=\"_blank\" rel=\"noopener\"><strong>Fundamentos de Feng Shui<\/strong><\/a>, in\u00edcio dia 8, quinta, 19h.<\/span><\/h4>\n<\/li>\n<li>\n<h4><span style=\"color: #000080;\"><strong><strong style=\"color: #333333;\"><a href=\"https:\/\/sociedadetaoista.com.br\/sp\/capacitacao-em-lian-gong-6\/\" target=\"_blank\" rel=\"noopener\">Capacita\u00e7\u00e3o em Lian Gong<\/a><\/strong>, <\/strong>in\u00edcio&nbsp;dia 10, s\u00e1bado, 9h.<\/span><\/h4>\n<\/li>\n<li>\n<h4><span style=\"color: #000080;\"><a href=\"https:\/\/sociedadetaoista.com.br\/sp\/fundamentos-de-i-ching-presencial\/\" target=\"_blank\" rel=\"noopener\"><strong>Fundamentos de I Ching<\/strong><\/a>, <\/span><span style=\"color: #000080;\">dias 17 e 24, s\u00e1bados, 9h.<\/span><\/h4>\n<\/li>\n<li>\n<h4><span style=\"color: #000080;\"><a href=\"https:\/\/sociedadetaoista.com.br\/sp\/revisao-de-qi-gong-xiantianwujimen-niveis-1-2-e-3\/\" target=\"_blank\" rel=\"noopener\"><strong>Revis\u00e3o de Qi Gong Xiantianwujimen<\/strong><\/a>, dia 17, s\u00e1bado, 9h.<\/span><\/h4>\n<\/li>\n<li>\n<h4><span style=\"color: #000080;\"><strong><a href=\"https:\/\/sociedadetaoista.com.br\/sp\/qigong-nivel-1-da-escola-biyun-jichu-gong\/\" target=\"_blank\" rel=\"noopener\"><strong>Qi Gong N\u00edvel 1 da Escola Bi Yun (Jichu Gong)<\/strong><\/a><span style=\"font-weight: normal;\">, dia 31, s\u00e1bado, 9h.<\/span><\/strong><\/span><\/h4>\n<\/li>\n<li>\n<h4><span style=\"color: #000080;\"><strong><a href=\"https:\/\/sociedadetaoista.com.br\/sp\/i-ching-tecnicas-de-interpretacao\/\" target=\"_blank\" rel=\"noopener\">I Ching &#8211; T\u00e9cnicas de Interpreta\u00e7\u00e3o Oracular<\/a>,<\/strong>&nbsp;in\u00edcio dia 24, s\u00e1bado, 14h.<\/span><\/h4>\n<\/li>\n<\/ul>\n<p>&nbsp;<\/p>\n<p>&nbsp;<\/p>\n<hr>\n<p style=\"text-align: left;\"><span style=\"color: #1b1f57;\"><a style=\"color: #1b1f57;\" href=\"https:\/\/sociedadetaoista.com.br\/sp\/wp-content\/uploads\/2017\/07\/Montgagem-logo-Taoismo-Online-4.png\"><img loading=\"lazy\" decoding=\"async\" class=\"wp-image-2728 alignnone\" src=\"https:\/\/sociedadetaoista.com.br\/sp\/wp-content\/uploads\/2017\/07\/Montgagem-logo-Taoismo-Online-4.png\" alt=\"\" width=\"267\" height=\"95\" srcset=\"https:\/\/sociedadetaoista.com.br\/sp\/wp-content\/uploads\/2017\/07\/Montgagem-logo-Taoismo-Online-4.png 1745w, https:\/\/sociedadetaoista.com.br\/sp\/wp-content\/uploads\/2017\/07\/Montgagem-logo-Taoismo-Online-4-300x107.png 300w, https:\/\/sociedadetaoista.com.br\/sp\/wp-content\/uploads\/2017\/07\/Montgagem-logo-Taoismo-Online-4-768x274.png 768w, https:\/\/sociedadetaoista.com.br\/sp\/wp-content\/uploads\/2017\/07\/Montgagem-logo-Taoismo-Online-4-1024x366.png 1024w\" sizes=\"auto, (max-width: 267px) 100vw, 267px\" \/><\/a><\/span><\/p>\n<ul>\n<li>\n<h4><span style=\"color: #000080;\"><strong><a href=\"https:\/\/sociedadetaoista.com.br\/sp\/visao-taoista-da-morte-3\/\" target=\"_blank\" rel=\"noopener\">A Morte na Vis\u00e3o Taoista<\/a>,<\/strong><\/span><span style=\"color: #000080;\">&nbsp;in\u00edcio dia 6 de Agosto, ter\u00e7a.<\/span><\/h4>\n<\/li>\n<\/ul>\n<p>&nbsp;<\/p>\n<hr>\n<h4 style=\"text-align: left;\"><span style=\"color: #1b1f57;\"><strong>Agende-se e participe!!<\/strong><\/span><\/h4>\n<h4 style=\"text-align: left;\"><span style=\"color: #1b1f57;\">&nbsp;<\/span><\/h4>\n<h4 style=\"text-align: left;\"><span style=\"color: #1b1f57;\"><strong>No<\/strong><strong>ssos Canais:&nbsp;<\/strong><\/span><\/h4>\n<h4 style=\"text-align: left;\"><span style=\"color: #1b1f57;\"><strong>Whatsapp: &nbsp;<\/strong>(11) 99631-3005<\/span><\/h4>\n<h4 style=\"text-align: left;\"><span style=\"color: #1b1f57;\"><strong>Fones:<\/strong>&nbsp;(11) 99631-3005 ou (11) 3105-7407<\/span><\/h4>\n<h4 style=\"text-align: left;\"><span style=\"color: #1b1f57;\"><strong>Email:<\/strong>&nbsp;<span style=\"color: #3366ff;\"><a style=\"color: #3366ff;\" title=\"contatosp@sociedadetaoista.com.br\" href=\"mailto:contatosp@sociedadetaoista.com.br\"><b>contatosp@sociedadetaoista.com.br<\/b><\/a><\/span><\/span><\/h4>\n<h4 style=\"text-align: left;\"><span style=\"color: #1b1f57;\"><strong>Canal no YouTube: <span style=\"color: #3366ff;\">&nbsp;<\/span><\/strong><span style=\"color: #3366ff;\"><strong><a style=\"color: #3366ff;\" href=\"https:\/\/www.youtube.com\/channel\/UCxw3dCvcR5jhxLbUkZiw1Tg\" target=\"_blank\" rel=\"noopener noreferrer\">Sociedade Taoista SP<\/a><\/strong><\/span><\/span><\/h4>\n<h4 style=\"text-align: left;\"><span style=\"color: #1b1f57;\"><strong>Ensino \u00e0 Dist\u00e2ncia:&nbsp;<span style=\"color: #3366ff;\"><a style=\"color: #3366ff;\" href=\"https:\/\/www.taoismo.com.br\/\" target=\"_blank\" rel=\"noopener noreferrer\">Taoismo Online<\/a><\/span><\/strong><\/span><\/h4>\n<h4 style=\"text-align: left;\"><span style=\"color: #1b1f57;\">&nbsp;<\/span><\/h4>\n<h4 style=\"text-align: left;\"><span style=\"color: #1b1f57;\"><strong>Sociedade Taoista \u2013 SP<\/strong><\/span><\/h4>\n<h4 style=\"text-align: left;\"><span style=\"color: #1b1f57;\">Av. Liberdade, 113 \u2013 3\u00ba andar (pr\u00f3ximo ao metr\u00f4 Liberdade)<\/span><\/h4>\n<h4 style=\"text-align: left;\"><span style=\"color: #1b1f57;\">S\u00e3o Paulo\/SP \u2013 CEP 01503-000<\/span><\/h4>\n<p>&nbsp;<\/p>\n","protected":false},"excerpt":{"rendered":"<p>Inverno quente na Sociedade Taoista em SP!! Esteja o clima quente ou frio, as aulas e pr\u00e1ticas programadas para o m\u00eas de Julho v\u00e3o manter o pessoal bem aquecido na esta\u00e7\u00e3o!! Confira os cursos de f\u00e9rias e atividades especiais na programa\u00e7\u00e3o abaixo! Prepare-se tamb\u00e9m para a pr\u00f3xima edi\u00e7\u00e3o da Semana do Tao, de 26 de &hellip; <\/p>\n<p><a class=\"more-link block-button\" href=\"https:\/\/sociedadetaoista.com.br\/sp\/programacao-julho-e-agosto-2019\/\">Continue lendo &raquo;<\/a><\/p>\n","protected":false},"author":4,"featured_media":4373,"comment_status":"open","ping_status":"open","sticky":false,"template":"","format":"standard","meta":{"footnotes":""},"categories":[38],"tags":[],"class_list":["post-4216","post","type-post","status-publish","format-standard","has-post-thumbnail","hentry","category-comunicado"],"_links":{"self":[{"href":"https:\/\/sociedadetaoista.com.br\/sp\/wp-json\/wp\/v2\/posts\/4216","targetHints":{"allow":["GET"]}}],"collection":[{"href":"https:\/\/sociedadetaoista.com.br\/sp\/wp-json\/wp\/v2\/posts"}],"about":[{"href":"https:\/\/sociedadetaoista.com.br\/sp\/wp-json\/wp\/v2\/types\/post"}],"author":[{"embeddable":true,"href":"https:\/\/sociedadetaoista.com.br\/sp\/wp-json\/wp\/v2\/users\/4"}],"replies":[{"embeddable":true,"href":"https:\/\/sociedadetaoista.com.br\/sp\/wp-json\/wp\/v2\/comments?post=4216"}],"version-history":[{"count":16,"href":"https:\/\/sociedadetaoista.com.br\/sp\/wp-json\/wp\/v2\/posts\/4216\/revisions"}],"predecessor-version":[{"id":5119,"href":"https:\/\/sociedadetaoista.com.br\/sp\/wp-json\/wp\/v2\/posts\/4216\/revisions\/5119"}],"wp:featuredmedia":[{"embeddable":true,"href":"https:\/\/sociedadetaoista.com.br\/sp\/wp-json\/wp\/v2\/media\/4373"}],"wp:attachment":[{"href":"https:\/\/sociedadetaoista.com.br\/sp\/wp-json\/wp\/v2\/media?parent=4216"}],"wp:term":[{"taxonomy":"category","embeddable":true,"href":"https:\/\/sociedadetaoista.com.br\/sp\/wp-json\/wp\/v2\/categories?post=4216"},{"taxonomy":"post_tag","embeddable":true,"href":"https:\/\/sociedadetaoista.com.br\/sp\/wp-json\/wp\/v2\/tags?post=4216"}],"curies":[{"name":"wp","href":"https:\/\/api.w.org\/{rel}","templated":true}]}}