{"id":670,"date":"2013-09-05T23:19:51","date_gmt":"2013-09-06T02:19:51","guid":{"rendered":"https:\/\/sociedadetaoista.com.br\/sp\/?p=670"},"modified":"2013-09-13T19:20:01","modified_gmt":"2013-09-13T22:20:01","slug":"qi-gong-entrada-da-primavera","status":"publish","type":"post","link":"https:\/\/sociedadetaoista.com.br\/sp\/qi-gong-entrada-da-primavera\/","title":{"rendered":"Qi Gong &#8211; Entrada da Primavera"},"content":{"rendered":"<p><strong>PR\u00c1TICA DE QI GONG &#8211; BI YUN JICHU GONG &#8211;\u00a0<\/strong><strong>CELEBRA\u00c7\u00c3O DA ENTRADA DA PRIMAVERA<\/strong><\/p>\n<p><a href=\"https:\/\/sociedadetaoista.com.br\/sp\/wp-content\/uploads\/2013\/07\/b9dd60d2fd65d9f3e897afa6fde94ee21.jpg\"><img loading=\"lazy\" decoding=\"async\" class=\"alignright\" alt=\"b9dd60d2fd65d9f3e897afa6fde94ee2[1]\" src=\"https:\/\/sociedadetaoista.com.br\/sp\/wp-content\/uploads\/2013\/07\/b9dd60d2fd65d9f3e897afa6fde94ee21.jpg\" width=\"144\" height=\"108\" \/><\/a><\/p>\n<p>Pr\u00e1tica destinada aos alunos que cursaram o Workshop de Qi Gong B\u00e1sico da Escola Bi Yun &#8211; Jichu Gong.<\/p>\n<p>&nbsp;<\/p>\n<p><strong>Data:<\/strong>\u00a021 de setembro de 2013, das 9h30 \u00e0s 17h.<\/p>\n<p><strong>Ministrante:<\/strong>\u00a0Luciana de Carvalho<\/p>\n<p><strong>Pr\u00e9-requisito:<\/strong>\u00a0Curso de Bi Yun Jichu Gong<\/p>\n<p>&nbsp;<\/p>\n<p><strong>Programa\u00e7\u00e3o:<\/strong><\/p>\n<ul>\n<li>Pr\u00e1tica de medita\u00e7\u00e3o e Jichu Gong<\/li>\n<li>Revis\u00e3o dos exerc\u00edcios<\/li>\n<li>Orienta\u00e7\u00f5es sobre a mudan\u00e7a de esta\u00e7\u00e3o<\/li>\n<\/ul>\n<p>&nbsp;<\/p>\n<p>Saiba mais sobre o <a href=\"https:\/\/sociedadetaoista.com.br\/sp\/cursos\/qi-gong\/\" target=\"_blank\">Qi Gong da Escola Bi Yun<\/a>.<\/p>\n<p>&nbsp;<\/p>\n<p><strong>Informa\u00e7\u00f5es e inscri\u00e7\u00f5es:<\/strong><\/p>\n<p>Fones: (11) 3105-7407 \/ 99631-3005<\/p>\n<p>Email: contatosp@sociedadetaoista.com.br<\/p>\n<p>&nbsp;<\/p>\n<p><a href=\"https:\/\/sociedadetaoista.com.br\/sp\/wp-content\/uploads\/2013\/09\/Slide1.jpg\"><img loading=\"lazy\" decoding=\"async\" class=\"alignleft size-medium wp-image-674\" alt=\"Slide1\" src=\"https:\/\/sociedadetaoista.com.br\/sp\/wp-content\/uploads\/2013\/09\/Slide1-300x225.jpg\" width=\"300\" height=\"225\" srcset=\"https:\/\/sociedadetaoista.com.br\/sp\/wp-content\/uploads\/2013\/09\/Slide1-300x225.jpg 300w, https:\/\/sociedadetaoista.com.br\/sp\/wp-content\/uploads\/2013\/09\/Slide1.jpg 960w\" sizes=\"auto, (max-width: 300px) 100vw, 300px\" \/><\/a><\/p>\n","protected":false},"excerpt":{"rendered":"<p>PR\u00c1TICA DE QI GONG &#8211; BI YUN JICHU GONG &#8211;\u00a0CELEBRA\u00c7\u00c3O DA ENTRADA DA PRIMAVERA Pr\u00e1tica destinada aos alunos que cursaram o Workshop de Qi Gong B\u00e1sico da Escola Bi Yun &#8211; Jichu Gong. &nbsp; Data:\u00a021 de setembro de 2013, das 9h30 \u00e0s 17h. Ministrante:\u00a0Luciana de Carvalho Pr\u00e9-requisito:\u00a0Curso de Bi Yun Jichu Gong &nbsp; Programa\u00e7\u00e3o: Pr\u00e1tica &hellip; <\/p>\n<p><a class=\"more-link block-button\" href=\"https:\/\/sociedadetaoista.com.br\/sp\/qi-gong-entrada-da-primavera\/\">Continue lendo &raquo;<\/a><\/p>\n","protected":false},"author":4,"featured_media":0,"comment_status":"open","ping_status":"open","sticky":false,"template":"","format":"standard","meta":{"footnotes":""},"categories":[113],"tags":[],"class_list":["post-670","post","type-post","status-publish","format-standard","hentry","category-cursos"],"_links":{"self":[{"href":"https:\/\/sociedadetaoista.com.br\/sp\/wp-json\/wp\/v2\/posts\/670","targetHints":{"allow":["GET"]}}],"collection":[{"href":"https:\/\/sociedadetaoista.com.br\/sp\/wp-json\/wp\/v2\/posts"}],"about":[{"href":"https:\/\/sociedadetaoista.com.br\/sp\/wp-json\/wp\/v2\/types\/post"}],"author":[{"embeddable":true,"href":"https:\/\/sociedadetaoista.com.br\/sp\/wp-json\/wp\/v2\/users\/4"}],"replies":[{"embeddable":true,"href":"https:\/\/sociedadetaoista.com.br\/sp\/wp-json\/wp\/v2\/comments?post=670"}],"version-history":[{"count":3,"href":"https:\/\/sociedadetaoista.com.br\/sp\/wp-json\/wp\/v2\/posts\/670\/revisions"}],"predecessor-version":[{"id":695,"href":"https:\/\/sociedadetaoista.com.br\/sp\/wp-json\/wp\/v2\/posts\/670\/revisions\/695"}],"wp:attachment":[{"href":"https:\/\/sociedadetaoista.com.br\/sp\/wp-json\/wp\/v2\/media?parent=670"}],"wp:term":[{"taxonomy":"category","embeddable":true,"href":"https:\/\/sociedadetaoista.com.br\/sp\/wp-json\/wp\/v2\/categories?post=670"},{"taxonomy":"post_tag","embeddable":true,"href":"https:\/\/sociedadetaoista.com.br\/sp\/wp-json\/wp\/v2\/tags?post=670"}],"curies":[{"name":"wp","href":"https:\/\/api.w.org\/{rel}","templated":true}]}}